{"id":54854,"date":"2025-01-21T00:01:51","date_gmt":"2025-01-21T06:01:51","guid":{"rendered":"https:\/\/politicosaldesnudo.com.mx\/?p=54854"},"modified":"2025-01-20T22:52:58","modified_gmt":"2025-01-21T04:52:58","slug":"preocupa-eleccion-del-poder-judicial","status":"publish","type":"post","link":"https:\/\/politicosaldesnudo.com.mx\/index.php\/2025\/01\/21\/preocupa-eleccion-del-poder-judicial\/","title":{"rendered":"Preocupa elecci\u00f3n del Poder Judicial"},"content":{"rendered":"<p>El proceso para la renovaci\u00f3n del Poder Judicial de Veracruz, iniciado el 1 de enero, ha generado incertidumbre y cuestionamientos sobre la preparaci\u00f3n de la ciudadan\u00eda para participar en una elecci\u00f3n tan trascendental. Juan Kilimaco Hern\u00e1ndez, presidente del Colegio de Abogados de Tuxpan, advierte que este mecanismo democr\u00e1tico, aunque necesario, enfrenta serios desaf\u00edos en su implementaci\u00f3n y comprensi\u00f3n por parte de la poblaci\u00f3n.<\/p>\n<p>Uno de los principales obst\u00e1culos es la limitada informaci\u00f3n que la sociedad tiene sobre los jueces y magistrados que integran el sistema judicial. \u00ab\u00bfCu\u00e1ntas personas pueden identificar a los jueces que hay en su municipio o explicar la diferencia entre un juez civil, penal o familiar? Esa falta de conocimiento complica la elecci\u00f3n\u00bb, se\u00f1al\u00f3 Hern\u00e1ndez.<\/p>\n<p>El abogado tambi\u00e9n subray\u00f3 que muchos ciudadanos desconocen las implicaciones de las funciones de un juez en su vida diaria. \u00abEstamos hablando de personas que deciden sobre el patrimonio, la vida y la libertad de los dem\u00e1s. Si no entendemos su labor, \u00bfc\u00f3mo podremos elegir de manera responsable?\u00bb, agreg\u00f3.<\/p>\n<p>El proceso electoral para renovar el Poder Judicial enfrenta adem\u00e1s complicaciones internas. La convocatoria para los aspirantes no se ha emitido a\u00fan, mientras que los lineamientos legales est\u00e1n en proceso de ajuste. Esto, seg\u00fan Hern\u00e1ndez, deja a los candidatos y a los ciudadanos en una situaci\u00f3n de incertidumbre.<\/p>\n","protected":false},"excerpt":{"rendered":"<p>El proceso para la renovaci\u00f3n del Poder Judicial de Veracruz, iniciado el 1 de enero, ha generado incertidumbre y cuestionamientos<\/p>\n","protected":false},"author":4,"featured_media":54855,"comment_status":"closed","ping_status":"closed","sticky":false,"template":"","format":"standard","meta":{"colormag_page_container_layout":"default_layout","colormag_page_sidebar_layout":"default_layout","_jetpack_memberships_contains_paid_content":false,"footnotes":"","jetpack_publicize_message":"","jetpack_publicize_feature_enabled":true,"jetpack_social_post_already_shared":false,"jetpack_social_options":{"image_generator_settings":{"template":"highway","default_image_id":0,"font":"","enabled":false},"version":2}},"categories":[1082],"tags":[],"class_list":["post-54854","post","type-post","status-publish","format-standard","has-post-thumbnail","hentry","category-tuxpan"],"jetpack_publicize_connections":[],"jetpack_featured_media_url":"https:\/\/i0.wp.com\/politicosaldesnudo.com.mx\/wp-content\/uploads\/2025\/01\/5b-7.jpg?fit=1600%2C900&ssl=1","jetpack-related-posts":[],"jetpack_sharing_enabled":true,"_links":{"self":[{"href":"https:\/\/politicosaldesnudo.com.mx\/index.php\/wp-json\/wp\/v2\/posts\/54854","targetHints":{"allow":["GET"]}}],"collection":[{"href":"https:\/\/politicosaldesnudo.com.mx\/index.php\/wp-json\/wp\/v2\/posts"}],"about":[{"href":"https:\/\/politicosaldesnudo.com.mx\/index.php\/wp-json\/wp\/v2\/types\/post"}],"author":[{"embeddable":true,"href":"https:\/\/politicosaldesnudo.com.mx\/index.php\/wp-json\/wp\/v2\/users\/4"}],"replies":[{"embeddable":true,"href":"https:\/\/politicosaldesnudo.com.mx\/index.php\/wp-json\/wp\/v2\/comments?post=54854"}],"version-history":[{"count":0,"href":"https:\/\/politicosaldesnudo.com.mx\/index.php\/wp-json\/wp\/v2\/posts\/54854\/revisions"}],"wp:featuredmedia":[{"embeddable":true,"href":"https:\/\/politicosaldesnudo.com.mx\/index.php\/wp-json\/wp\/v2\/media\/54855"}],"wp:attachment":[{"href":"https:\/\/politicosaldesnudo.com.mx\/index.php\/wp-json\/wp\/v2\/media?parent=54854"}],"wp:term":[{"taxonomy":"category","embeddable":true,"href":"https:\/\/politicosaldesnudo.com.mx\/index.php\/wp-json\/wp\/v2\/categories?post=54854"},{"taxonomy":"post_tag","embeddable":true,"href":"https:\/\/politicosaldesnudo.com.mx\/index.php\/wp-json\/wp\/v2\/tags?post=54854"}],"curies":[{"name":"wp","href":"https:\/\/api.w.org\/{rel}","templated":true}]}}