{"id":54922,"date":"2025-01-21T20:52:53","date_gmt":"2025-01-22T02:52:53","guid":{"rendered":"https:\/\/politicosaldesnudo.com.mx\/?p=54922"},"modified":"2025-01-21T20:52:53","modified_gmt":"2025-01-22T02:52:53","slug":"el-frente-frio-24-se-reactivo-este-martes-por-lo-que-el-gobierno-de-tuxpan-pide-a-la-poblacion-tomar-precauciones","status":"publish","type":"post","link":"https:\/\/politicosaldesnudo.com.mx\/index.php\/2025\/01\/21\/el-frente-frio-24-se-reactivo-este-martes-por-lo-que-el-gobierno-de-tuxpan-pide-a-la-poblacion-tomar-precauciones\/","title":{"rendered":"El Frente Fr\u00edo 24 se reactiv\u00f3 este martes, por lo que el Gobierno de Tuxpan pide a la poblaci\u00f3n tomar precauciones"},"content":{"rendered":"<p>\u2022 Se pronostica \u201cNorte\u201d intenso y bajas temperaturas en las pr\u00f3ximas horas.<\/p>\n<p>Tuxpan, Ver., 21 de enero de 2025. &#8211; El Gobierno de Tuxpan recomienda a la poblaci\u00f3n tomar precauciones por la reactivaci\u00f3n del Frente Fr\u00edo 24 y evento de \u201cNorte\u201d intenso.<\/p>\n<p><img data-recalc-dims=\"1\" loading=\"lazy\" decoding=\"async\" class=\"aligncenter size-full wp-image-54924\" src=\"https:\/\/i0.wp.com\/politicosaldesnudo.com.mx\/wp-content\/uploads\/2025\/01\/WhatsApp-Image-2025-01-21-at-08.30.06-1.jpeg?resize=690%2C595&#038;ssl=1\" alt=\"\" width=\"690\" height=\"595\" srcset=\"https:\/\/i0.wp.com\/politicosaldesnudo.com.mx\/wp-content\/uploads\/2025\/01\/WhatsApp-Image-2025-01-21-at-08.30.06-1.jpeg?w=690&amp;ssl=1 690w, https:\/\/i0.wp.com\/politicosaldesnudo.com.mx\/wp-content\/uploads\/2025\/01\/WhatsApp-Image-2025-01-21-at-08.30.06-1.jpeg?resize=300%2C259&amp;ssl=1 300w\" sizes=\"auto, (max-width: 690px) 100vw, 690px\" \/><\/p>\n<p>&nbsp;<\/p>\n<p>El presidente municipal, Dr. Jes\u00fas Fomperoza Torres, exhort\u00f3 a la poblaci\u00f3n a abrigarse e hidratarse adecuadamente, no exponerse a cambios bruscos de temperatura y brindar especial atenci\u00f3n a la ni\u00f1ez y adultos mayores.<\/p>\n<p>El alcalde pone a disposici\u00f3n de la ciudadan\u00eda los siguientes n\u00fameros de emergencia: 783 83 50127 (Protecci\u00f3n Civil), 783 83 40646 (Bomberos) y 911 Emergencias.<\/p>\n<p>Este martes por la noche y madrugada del mi\u00e9rcoles se esperan temperaturas muy bajas.<\/p>\n<p>Debido al fortalecimiento del Frente Fr\u00edo 24, Protecci\u00f3n Civil del Gobierno del Estado emiti\u00f3 una Alerta Gris en Fase de Acci\u00f3n por la probabilidad de destechamientos de casas, ca\u00edda de \u00e1rboles u otros objetos, suspensi\u00f3n de servicios estrat\u00e9gicos, oleaje elevado, ambiente fr\u00edo, deslaves y derrumbes.<\/p>\n<p><img data-recalc-dims=\"1\" loading=\"lazy\" decoding=\"async\" class=\"aligncenter size-large wp-image-54925\" src=\"https:\/\/i0.wp.com\/politicosaldesnudo.com.mx\/wp-content\/uploads\/2025\/01\/WhatsApp-Image-2025-01-21-at-08.30.06-1024x1024.jpeg?resize=800%2C800&#038;ssl=1\" alt=\"\" width=\"800\" height=\"800\" srcset=\"https:\/\/i0.wp.com\/politicosaldesnudo.com.mx\/wp-content\/uploads\/2025\/01\/WhatsApp-Image-2025-01-21-at-08.30.06.jpeg?resize=1024%2C1024&amp;ssl=1 1024w, https:\/\/i0.wp.com\/politicosaldesnudo.com.mx\/wp-content\/uploads\/2025\/01\/WhatsApp-Image-2025-01-21-at-08.30.06.jpeg?resize=300%2C300&amp;ssl=1 300w, https:\/\/i0.wp.com\/politicosaldesnudo.com.mx\/wp-content\/uploads\/2025\/01\/WhatsApp-Image-2025-01-21-at-08.30.06.jpeg?resize=150%2C150&amp;ssl=1 150w, https:\/\/i0.wp.com\/politicosaldesnudo.com.mx\/wp-content\/uploads\/2025\/01\/WhatsApp-Image-2025-01-21-at-08.30.06.jpeg?resize=768%2C767&amp;ssl=1 768w, https:\/\/i0.wp.com\/politicosaldesnudo.com.mx\/wp-content\/uploads\/2025\/01\/WhatsApp-Image-2025-01-21-at-08.30.06.jpeg?w=1280&amp;ssl=1 1280w\" sizes=\"auto, (max-width: 800px) 100vw, 800px\" \/><\/p>\n<p>Por su parte, el Servicio Meteorol\u00f3gico Nacional confirm\u00f3 que se prev\u00e9 un evento de \u201cNorte\u201d muy fuerte a intenso con rachas de viento de 100 a 120 km\/h en Tamaulipas y Veracruz.<\/p>\n<p>Se pronostica que el oleaje en la costa ser\u00e1 de 5 a 7 metros de altura, por lo que tambi\u00e9n se emite una alerta a la navegaci\u00f3n menor.<\/p>\n","protected":false},"excerpt":{"rendered":"<p>\u2022 Se pronostica \u201cNorte\u201d intenso y bajas temperaturas en las pr\u00f3ximas horas. Tuxpan, Ver., 21 de enero de 2025. &#8211;<\/p>\n","protected":false},"author":4,"featured_media":54923,"comment_status":"closed","ping_status":"closed","sticky":false,"template":"","format":"standard","meta":{"colormag_page_container_layout":"default_layout","colormag_page_sidebar_layout":"default_layout","_jetpack_memberships_contains_paid_content":false,"footnotes":"","jetpack_publicize_message":"","jetpack_publicize_feature_enabled":true,"jetpack_social_post_already_shared":false,"jetpack_social_options":{"image_generator_settings":{"template":"highway","default_image_id":0,"font":"","enabled":false},"version":2}},"categories":[3205,1082],"tags":[],"class_list":["post-54922","post","type-post","status-publish","format-standard","has-post-thumbnail","hentry","category-gobierno-tuxpan","category-tuxpan"],"jetpack_publicize_connections":[],"jetpack_featured_media_url":"https:\/\/i0.wp.com\/politicosaldesnudo.com.mx\/wp-content\/uploads\/2025\/01\/ID.jpg?fit=690%2C371&ssl=1","jetpack-related-posts":[],"jetpack_sharing_enabled":true,"_links":{"self":[{"href":"https:\/\/politicosaldesnudo.com.mx\/index.php\/wp-json\/wp\/v2\/posts\/54922","targetHints":{"allow":["GET"]}}],"collection":[{"href":"https:\/\/politicosaldesnudo.com.mx\/index.php\/wp-json\/wp\/v2\/posts"}],"about":[{"href":"https:\/\/politicosaldesnudo.com.mx\/index.php\/wp-json\/wp\/v2\/types\/post"}],"author":[{"embeddable":true,"href":"https:\/\/politicosaldesnudo.com.mx\/index.php\/wp-json\/wp\/v2\/users\/4"}],"replies":[{"embeddable":true,"href":"https:\/\/politicosaldesnudo.com.mx\/index.php\/wp-json\/wp\/v2\/comments?post=54922"}],"version-history":[{"count":0,"href":"https:\/\/politicosaldesnudo.com.mx\/index.php\/wp-json\/wp\/v2\/posts\/54922\/revisions"}],"wp:featuredmedia":[{"embeddable":true,"href":"https:\/\/politicosaldesnudo.com.mx\/index.php\/wp-json\/wp\/v2\/media\/54923"}],"wp:attachment":[{"href":"https:\/\/politicosaldesnudo.com.mx\/index.php\/wp-json\/wp\/v2\/media?parent=54922"}],"wp:term":[{"taxonomy":"category","embeddable":true,"href":"https:\/\/politicosaldesnudo.com.mx\/index.php\/wp-json\/wp\/v2\/categories?post=54922"},{"taxonomy":"post_tag","embeddable":true,"href":"https:\/\/politicosaldesnudo.com.mx\/index.php\/wp-json\/wp\/v2\/tags?post=54922"}],"curies":[{"name":"wp","href":"https:\/\/api.w.org\/{rel}","templated":true}]}}