{"id":54927,"date":"2025-01-22T00:01:08","date_gmt":"2025-01-22T06:01:08","guid":{"rendered":"https:\/\/politicosaldesnudo.com.mx\/?p=54927"},"modified":"2025-01-21T20:54:02","modified_gmt":"2025-01-22T02:54:02","slug":"piden-a-la-poblacion-tomar-precauciones-ante-ff24","status":"publish","type":"post","link":"https:\/\/politicosaldesnudo.com.mx\/index.php\/2025\/01\/22\/piden-a-la-poblacion-tomar-precauciones-ante-ff24\/","title":{"rendered":"Piden a la poblaci\u00f3n tomar precauciones ante FF24"},"content":{"rendered":"<p>El Gobierno de Tuxpan recomienda a la poblaci\u00f3n tomar precauciones por la reactivaci\u00f3n del Frente Fr\u00edo 24 y evento de \u201cNorte\u201d intenso.<\/p>\n<p>El presidente municipal, Dr. Jes\u00fas Fomperoza Torres, exhort\u00f3 a la poblaci\u00f3n a abrigarse e hidratarse adecuadamente, no exponerse a cambios bruscos de temperatura y brindar especial atenci\u00f3n a la ni\u00f1ez y adultos mayores.<\/p>\n<p>El alcalde pone a disposici\u00f3n de la ciudadan\u00eda los siguientes n\u00fameros de emergencia: 783 83 50127 (Protecci\u00f3n Civil), 783 83 40646 (Bomberos) y 911 Emergencias.<\/p>\n<p>Este martes por la noche y madrugada del mi\u00e9rcoles se esperaban temperaturas muy bajas.<\/p>\n<p>Debido al fortalecimiento del Frente Fr\u00edo 24, Protecci\u00f3n Civil del Gobierno del Estado emiti\u00f3 una Alerta Gris en Fase de Acci\u00f3n por la probabilidad de destechamientos de casas, ca\u00edda de \u00e1rboles u otros objetos, suspensi\u00f3n de servicios estrat\u00e9gicos, oleaje elevado, ambiente fr\u00edo, deslaves y derrumbes.<\/p>\n<p>Por su parte, el Servicio Meteorol\u00f3gico Nacional confirm\u00f3 que se prev\u00e9 un evento de \u201cNorte\u201d muy fuerte a intenso con rachas de viento de 100 a 120 km\/h en Tamaulipas y Veracruz.<\/p>\n<p>Se pronostica que el oleaje en la costa ser\u00e1 de 5 a 7 metros de altura, por lo que tambi\u00e9n se emite una alerta a la navegaci\u00f3n menor.<\/p>\n","protected":false},"excerpt":{"rendered":"<p>El Gobierno de Tuxpan recomienda a la poblaci\u00f3n tomar precauciones por la reactivaci\u00f3n del Frente Fr\u00edo 24 y evento de<\/p>\n","protected":false},"author":4,"featured_media":54928,"comment_status":"closed","ping_status":"closed","sticky":false,"template":"","format":"standard","meta":{"colormag_page_container_layout":"default_layout","colormag_page_sidebar_layout":"default_layout","_jetpack_memberships_contains_paid_content":false,"footnotes":"","jetpack_publicize_message":"","jetpack_publicize_feature_enabled":true,"jetpack_social_post_already_shared":false,"jetpack_social_options":{"image_generator_settings":{"template":"highway","default_image_id":0,"font":"","enabled":false},"version":2}},"categories":[1082],"tags":[],"class_list":["post-54927","post","type-post","status-publish","format-standard","has-post-thumbnail","hentry","category-tuxpan"],"jetpack_publicize_connections":[],"jetpack_featured_media_url":"https:\/\/i0.wp.com\/politicosaldesnudo.com.mx\/wp-content\/uploads\/2025\/01\/3a-3.jpg?fit=800%2C600&ssl=1","jetpack-related-posts":[],"jetpack_sharing_enabled":true,"_links":{"self":[{"href":"https:\/\/politicosaldesnudo.com.mx\/index.php\/wp-json\/wp\/v2\/posts\/54927","targetHints":{"allow":["GET"]}}],"collection":[{"href":"https:\/\/politicosaldesnudo.com.mx\/index.php\/wp-json\/wp\/v2\/posts"}],"about":[{"href":"https:\/\/politicosaldesnudo.com.mx\/index.php\/wp-json\/wp\/v2\/types\/post"}],"author":[{"embeddable":true,"href":"https:\/\/politicosaldesnudo.com.mx\/index.php\/wp-json\/wp\/v2\/users\/4"}],"replies":[{"embeddable":true,"href":"https:\/\/politicosaldesnudo.com.mx\/index.php\/wp-json\/wp\/v2\/comments?post=54927"}],"version-history":[{"count":0,"href":"https:\/\/politicosaldesnudo.com.mx\/index.php\/wp-json\/wp\/v2\/posts\/54927\/revisions"}],"wp:featuredmedia":[{"embeddable":true,"href":"https:\/\/politicosaldesnudo.com.mx\/index.php\/wp-json\/wp\/v2\/media\/54928"}],"wp:attachment":[{"href":"https:\/\/politicosaldesnudo.com.mx\/index.php\/wp-json\/wp\/v2\/media?parent=54927"}],"wp:term":[{"taxonomy":"category","embeddable":true,"href":"https:\/\/politicosaldesnudo.com.mx\/index.php\/wp-json\/wp\/v2\/categories?post=54927"},{"taxonomy":"post_tag","embeddable":true,"href":"https:\/\/politicosaldesnudo.com.mx\/index.php\/wp-json\/wp\/v2\/tags?post=54927"}],"curies":[{"name":"wp","href":"https:\/\/api.w.org\/{rel}","templated":true}]}}