{"id":54930,"date":"2025-01-22T00:02:34","date_gmt":"2025-01-22T06:02:34","guid":{"rendered":"https:\/\/politicosaldesnudo.com.mx\/?p=54930"},"modified":"2025-01-21T20:55:21","modified_gmt":"2025-01-22T02:55:21","slug":"pescadores-y-agricultores-en-problemas-por-bajas-temperaturas","status":"publish","type":"post","link":"https:\/\/politicosaldesnudo.com.mx\/index.php\/2025\/01\/22\/pescadores-y-agricultores-en-problemas-por-bajas-temperaturas\/","title":{"rendered":"Pescadores y agricultores en problemas por bajas temperaturas"},"content":{"rendered":"<p>Las bajas temperaturas y los intensos vientos ocasionados por el reciente frente fr\u00edo han generado complicaciones significativas para los pescadores y agricultores de la regi\u00f3n, quienes dependen de estas actividades para su sustento diario.<\/p>\n<p>En el sector pesquero, los fuertes vientos han dificultado la salida al mar, representando un riesgo para quienes se aventuran en busca de producto. Jos\u00e9 Luis Mart\u00ednez, pescador de la comunidad Barra Galindo, se\u00f1al\u00f3 que \u00abel oleaje est\u00e1 muy alto, lo que nos obliga a suspender nuestras actividades; esto afecta nuestras ganancias, ya que solo obtenemos ingresos si salimos a pescar.\u00bb<\/p>\n<p>Por otro lado, los agricultores enfrentan retos debido a las bajas temperaturas, que han comenzado a afectar los cultivos de ma\u00edz, frijol y hortalizas. Jaime Hern\u00e1ndez, productor local, explic\u00f3 que \u00abel fr\u00edo detiene el crecimiento de las plantas y, en algunos casos, puede quemar los cultivos m\u00e1s sensibles. Si esto persiste, podr\u00edamos tener p\u00e9rdidas importantes.\u00bb<\/p>\n<p>Las autoridades locales han exhortado a los trabajadores de ambos sectores a tomar precauciones y han anunciado el monitoreo constante de las condiciones clim\u00e1ticas. Sin embargo, los afectados se\u00f1alan la necesidad de apoyos econ\u00f3micos y recursos para mitigar las p\u00e9rdidas durante esta temporada invernal.<\/p>\n<p>Mientras tanto, los pescadores y agricultores de Tuxpan contin\u00faan enfrentando estos desaf\u00edos con esperanza, confiando en que el clima mejore pronto y les permita retomar sus actividades normales.<\/p>\n","protected":false},"excerpt":{"rendered":"<p>Las bajas temperaturas y los intensos vientos ocasionados por el reciente frente fr\u00edo han generado complicaciones significativas para los pescadores<\/p>\n","protected":false},"author":4,"featured_media":54931,"comment_status":"closed","ping_status":"closed","sticky":false,"template":"","format":"standard","meta":{"colormag_page_container_layout":"default_layout","colormag_page_sidebar_layout":"default_layout","_jetpack_memberships_contains_paid_content":false,"footnotes":"","jetpack_publicize_message":"","jetpack_publicize_feature_enabled":true,"jetpack_social_post_already_shared":false,"jetpack_social_options":{"image_generator_settings":{"template":"highway","default_image_id":0,"font":"","enabled":false},"version":2}},"categories":[1082],"tags":[],"class_list":["post-54930","post","type-post","status-publish","format-standard","has-post-thumbnail","hentry","category-tuxpan"],"jetpack_publicize_connections":[],"jetpack_featured_media_url":"https:\/\/i0.wp.com\/politicosaldesnudo.com.mx\/wp-content\/uploads\/2025\/01\/4b-12.jpg?fit=800%2C600&ssl=1","jetpack-related-posts":[],"jetpack_sharing_enabled":true,"_links":{"self":[{"href":"https:\/\/politicosaldesnudo.com.mx\/index.php\/wp-json\/wp\/v2\/posts\/54930","targetHints":{"allow":["GET"]}}],"collection":[{"href":"https:\/\/politicosaldesnudo.com.mx\/index.php\/wp-json\/wp\/v2\/posts"}],"about":[{"href":"https:\/\/politicosaldesnudo.com.mx\/index.php\/wp-json\/wp\/v2\/types\/post"}],"author":[{"embeddable":true,"href":"https:\/\/politicosaldesnudo.com.mx\/index.php\/wp-json\/wp\/v2\/users\/4"}],"replies":[{"embeddable":true,"href":"https:\/\/politicosaldesnudo.com.mx\/index.php\/wp-json\/wp\/v2\/comments?post=54930"}],"version-history":[{"count":0,"href":"https:\/\/politicosaldesnudo.com.mx\/index.php\/wp-json\/wp\/v2\/posts\/54930\/revisions"}],"wp:featuredmedia":[{"embeddable":true,"href":"https:\/\/politicosaldesnudo.com.mx\/index.php\/wp-json\/wp\/v2\/media\/54931"}],"wp:attachment":[{"href":"https:\/\/politicosaldesnudo.com.mx\/index.php\/wp-json\/wp\/v2\/media?parent=54930"}],"wp:term":[{"taxonomy":"category","embeddable":true,"href":"https:\/\/politicosaldesnudo.com.mx\/index.php\/wp-json\/wp\/v2\/categories?post=54930"},{"taxonomy":"post_tag","embeddable":true,"href":"https:\/\/politicosaldesnudo.com.mx\/index.php\/wp-json\/wp\/v2\/tags?post=54930"}],"curies":[{"name":"wp","href":"https:\/\/api.w.org\/{rel}","templated":true}]}}