{"id":54933,"date":"2025-01-22T00:03:31","date_gmt":"2025-01-22T06:03:31","guid":{"rendered":"https:\/\/politicosaldesnudo.com.mx\/?p=54933"},"modified":"2025-01-21T20:56:10","modified_gmt":"2025-01-22T02:56:10","slug":"dif-atento-por-temporada-invernal","status":"publish","type":"post","link":"https:\/\/politicosaldesnudo.com.mx\/index.php\/2025\/01\/22\/dif-atento-por-temporada-invernal\/","title":{"rendered":"DIF atento por temporada Invernal"},"content":{"rendered":"<p>Ante las bajas temperaturas que se est\u00e1n registrando en la ciudad el DIF Municipal contin\u00faa trabajando para apoyar a todas las personas vulnerables, tanto en las comunidades como en la cabecera municipal.<\/p>\n<p>El director de la instancia asistencial; Nels\u00f3n Hern\u00e1ndez, indic\u00f3 que siguiendo las instrucciones del Presidente Municipal Jes\u00fas Fomperoza y la Presidenta Melba L\u00f3pez, est\u00e1n trabajando de manera coordinada para apoyar a los ciudadanos, adem\u00e1s del albergue que instalaron en las instalaciones del DIF, est\u00e1n recorriendo todo el municipio para llevar apoyos los invernales.<\/p>\n<p>\u00abComida caliente, un caf\u00e9, chocolate, leche, pan, cobijas, entre otros apoyos, es lo que estamos llevando e invitando a los ciudadanos a que se reguarden, que si no tienen a que salir no lo hagan, que cuiden de ni\u00f1os y adultos, para evitar alguna tragedia que lamentar y por supuesto los invitamos a que si necesitan un lugar donde resguarse vengan al DIF, estamos atentos para ayudar\u00bb, manifest\u00f3 el funcionario municipal.<\/p>\n<p>El entrevistado inform\u00f3 que hasta el momento no tienen a ninguna persona albergada en las instalaciones, pero siguen atentos con estas acciones de manera permanente para cuando se ofrezca la necesidad de resguardar a alg\u00fan ciudadano.<\/p>\n","protected":false},"excerpt":{"rendered":"<p>Ante las bajas temperaturas que se est\u00e1n registrando en la ciudad el DIF Municipal contin\u00faa trabajando para apoyar a todas<\/p>\n","protected":false},"author":4,"featured_media":54934,"comment_status":"closed","ping_status":"closed","sticky":false,"template":"","format":"standard","meta":{"colormag_page_container_layout":"default_layout","colormag_page_sidebar_layout":"default_layout","_jetpack_memberships_contains_paid_content":false,"footnotes":"","jetpack_publicize_message":"","jetpack_publicize_feature_enabled":true,"jetpack_social_post_already_shared":false,"jetpack_social_options":{"image_generator_settings":{"template":"highway","default_image_id":0,"font":"","enabled":false},"version":2}},"categories":[1082],"tags":[],"class_list":["post-54933","post","type-post","status-publish","format-standard","has-post-thumbnail","hentry","category-tuxpan"],"jetpack_publicize_connections":[],"jetpack_featured_media_url":"https:\/\/i0.wp.com\/politicosaldesnudo.com.mx\/wp-content\/uploads\/2025\/01\/4c-6.jpg?fit=1600%2C687&ssl=1","jetpack-related-posts":[],"jetpack_sharing_enabled":true,"_links":{"self":[{"href":"https:\/\/politicosaldesnudo.com.mx\/index.php\/wp-json\/wp\/v2\/posts\/54933","targetHints":{"allow":["GET"]}}],"collection":[{"href":"https:\/\/politicosaldesnudo.com.mx\/index.php\/wp-json\/wp\/v2\/posts"}],"about":[{"href":"https:\/\/politicosaldesnudo.com.mx\/index.php\/wp-json\/wp\/v2\/types\/post"}],"author":[{"embeddable":true,"href":"https:\/\/politicosaldesnudo.com.mx\/index.php\/wp-json\/wp\/v2\/users\/4"}],"replies":[{"embeddable":true,"href":"https:\/\/politicosaldesnudo.com.mx\/index.php\/wp-json\/wp\/v2\/comments?post=54933"}],"version-history":[{"count":0,"href":"https:\/\/politicosaldesnudo.com.mx\/index.php\/wp-json\/wp\/v2\/posts\/54933\/revisions"}],"wp:featuredmedia":[{"embeddable":true,"href":"https:\/\/politicosaldesnudo.com.mx\/index.php\/wp-json\/wp\/v2\/media\/54934"}],"wp:attachment":[{"href":"https:\/\/politicosaldesnudo.com.mx\/index.php\/wp-json\/wp\/v2\/media?parent=54933"}],"wp:term":[{"taxonomy":"category","embeddable":true,"href":"https:\/\/politicosaldesnudo.com.mx\/index.php\/wp-json\/wp\/v2\/categories?post=54933"},{"taxonomy":"post_tag","embeddable":true,"href":"https:\/\/politicosaldesnudo.com.mx\/index.php\/wp-json\/wp\/v2\/tags?post=54933"}],"curies":[{"name":"wp","href":"https:\/\/api.w.org\/{rel}","templated":true}]}}