{"id":54939,"date":"2025-01-22T00:05:53","date_gmt":"2025-01-22T06:05:53","guid":{"rendered":"https:\/\/politicosaldesnudo.com.mx\/?p=54939"},"modified":"2025-01-21T21:34:17","modified_gmt":"2025-01-22T03:34:17","slug":"vinculan-a-proceso-a-ex-diputado-del-pan-por-amenazas-contra-periodista","status":"publish","type":"post","link":"https:\/\/politicosaldesnudo.com.mx\/index.php\/2025\/01\/22\/vinculan-a-proceso-a-ex-diputado-del-pan-por-amenazas-contra-periodista\/","title":{"rendered":"Vinculan a proceso a ex diputado del PAN por amenazas contra periodista"},"content":{"rendered":"<p>La Fiscal\u00eda General de la Rep\u00fablica (FGR), a trav\u00e9s de la Fiscal\u00eda Especializada en materia de Derechos Humanos (FEMDH), obtuvo vinculaci\u00f3n a proceso en contra del ex diputado local y ex secretario general del Partido Acci\u00f3n Nacional (PAN), en Durango, Jos\u00e9 \u201cR\u201d, por su probable responsabilidad en la comisi\u00f3n del delito de amenazas en contra del periodista Iv\u00e1n Soto.<\/p>\n<p>Jos\u00e9 \u201cR\u201d, quien se desempe\u00f1\u00f3 como diputado local de 2018 a 2021 seg\u00fan los registros del Congreso duranguense, en diciembre de 2024, presuntamente envi\u00f3 mensajes privados a la v\u00edctima con contenido amenazante a trav\u00e9s de la plataforma \u201cX\u201d, motivado por la publicaci\u00f3n de diversas notas period\u00edsticas, inform\u00f3 la Fiscal\u00eda General de la Rep\u00fablica.<\/p>\n<p>La FEMDH determin\u00f3 atraer el caso derivado de la solicitud hecha por la Fiscal\u00eda General de Justicia (FGJ) del estado, \u201ccomo parte de una pol\u00edtica de combate a la impunidad en delitos que afectan mayormente a las y los periodistas en M\u00e9xico, como lo es el de amenazas\u201d, indic\u00f3 la instituci\u00f3n ministerial.<\/p>\n<p>Al realizar las investigaciones, el Ministerio P\u00fablico Federal, adscrito a la Fiscal\u00eda Especial para la Atenci\u00f3n de Delitos cometidos contra la Libertad de Expresi\u00f3n (FEADLE), present\u00f3 datos de prueba suficientes para demostrar la probable responsabilidad del imputado como autor material de las amenazas.<\/p>\n<p>Un juez federal le impuso a Jos\u00e9 \u201cR\u201d como medida cautelar, \u201cla prohibici\u00f3n de convivir, acercarse o comunicarse con la v\u00edctima a trav\u00e9s de ning\u00fan medio, ya sea personal o electr\u00f3nico durante el tr\u00e1mite del procedimiento y se\u00f1al\u00f3 un plazo de dos meses para la investigaci\u00f3n complementaria\u201d, informo la FGR.<\/p>\n","protected":false},"excerpt":{"rendered":"<p>La Fiscal\u00eda General de la Rep\u00fablica (FGR), a trav\u00e9s de la Fiscal\u00eda Especializada en materia de Derechos Humanos (FEMDH), obtuvo<\/p>\n","protected":false},"author":4,"featured_media":54940,"comment_status":"closed","ping_status":"closed","sticky":false,"template":"","format":"standard","meta":{"colormag_page_container_layout":"default_layout","colormag_page_sidebar_layout":"default_layout","_jetpack_memberships_contains_paid_content":false,"footnotes":"","jetpack_publicize_message":"","jetpack_publicize_feature_enabled":true,"jetpack_social_post_already_shared":false,"jetpack_social_options":{"image_generator_settings":{"template":"highway","default_image_id":0,"font":"","enabled":false},"version":2}},"categories":[33],"tags":[],"class_list":["post-54939","post","type-post","status-publish","format-standard","has-post-thumbnail","hentry","category-nacional"],"jetpack_publicize_connections":[],"jetpack_featured_media_url":"https:\/\/i0.wp.com\/politicosaldesnudo.com.mx\/wp-content\/uploads\/2025\/01\/AA1xCdYk.jpg?fit=745%2C496&ssl=1","jetpack-related-posts":[],"jetpack_sharing_enabled":true,"_links":{"self":[{"href":"https:\/\/politicosaldesnudo.com.mx\/index.php\/wp-json\/wp\/v2\/posts\/54939","targetHints":{"allow":["GET"]}}],"collection":[{"href":"https:\/\/politicosaldesnudo.com.mx\/index.php\/wp-json\/wp\/v2\/posts"}],"about":[{"href":"https:\/\/politicosaldesnudo.com.mx\/index.php\/wp-json\/wp\/v2\/types\/post"}],"author":[{"embeddable":true,"href":"https:\/\/politicosaldesnudo.com.mx\/index.php\/wp-json\/wp\/v2\/users\/4"}],"replies":[{"embeddable":true,"href":"https:\/\/politicosaldesnudo.com.mx\/index.php\/wp-json\/wp\/v2\/comments?post=54939"}],"version-history":[{"count":0,"href":"https:\/\/politicosaldesnudo.com.mx\/index.php\/wp-json\/wp\/v2\/posts\/54939\/revisions"}],"wp:featuredmedia":[{"embeddable":true,"href":"https:\/\/politicosaldesnudo.com.mx\/index.php\/wp-json\/wp\/v2\/media\/54940"}],"wp:attachment":[{"href":"https:\/\/politicosaldesnudo.com.mx\/index.php\/wp-json\/wp\/v2\/media?parent=54939"}],"wp:term":[{"taxonomy":"category","embeddable":true,"href":"https:\/\/politicosaldesnudo.com.mx\/index.php\/wp-json\/wp\/v2\/categories?post=54939"},{"taxonomy":"post_tag","embeddable":true,"href":"https:\/\/politicosaldesnudo.com.mx\/index.php\/wp-json\/wp\/v2\/tags?post=54939"}],"curies":[{"name":"wp","href":"https:\/\/api.w.org\/{rel}","templated":true}]}}