{"id":54942,"date":"2025-01-22T00:06:45","date_gmt":"2025-01-22T06:06:45","guid":{"rendered":"https:\/\/politicosaldesnudo.com.mx\/?p=54942"},"modified":"2025-01-21T21:36:04","modified_gmt":"2025-01-22T03:36:04","slug":"presidencia-envia-a-la-comision-permanente-nombramientos-del-inegi","status":"publish","type":"post","link":"https:\/\/politicosaldesnudo.com.mx\/index.php\/2025\/01\/22\/presidencia-envia-a-la-comision-permanente-nombramientos-del-inegi\/","title":{"rendered":"Presidencia env\u00eda a la Comisi\u00f3n Permanente nombramientos del INEGI"},"content":{"rendered":"<p class=\"western\">La presidenta de la Rep\u00fablica, Claudia Sheinbaum, remiti\u00f3 a la Comisi\u00f3n Permanente, para su ratificaci\u00f3n, la designaci\u00f3n de Rosa Isabel Islas Arredondo, como vicepresidenta de la Junta de gobierno del Instituto Nacional de Estad\u00edstica y Geograf\u00eda (INEGI).<\/p>\n<p class=\"western\">El nombramiento entra en vigor el 1 de enero de este 2025 y ser\u00e1 por ocho a\u00f1os.<\/p>\n<p class=\"western\">En el oficio, asignado por la consejera jur\u00eddica del ejecutivo federal, Ernestina Godoy se resalta que Eslas Arredondo, es designada bajo criterios de capacidad, probidad y experiencia , \u201c por lo que tengo en la firme convicci\u00f3n, de qu\u00e9, en caso de contar con su aprobaci\u00f3n, desempe\u00f1ar\u00e1 la funci\u00f3n encomendada con responsabilidad de dedicaci\u00f3n\u201d.<\/p>\n<p class=\"western\">Tiene amplia experiencia en la materia, actualmente se desempe\u00f1a como directora general de Integraci\u00f3n, An\u00e1lisis e Investigaci\u00f3n del Inegi, y antes, fue coordinadora de asesores de ese Instituto.<\/p>\n","protected":false},"excerpt":{"rendered":"<p>La presidenta de la Rep\u00fablica, Claudia Sheinbaum, remiti\u00f3 a la Comisi\u00f3n Permanente, para su ratificaci\u00f3n, la designaci\u00f3n de Rosa Isabel<\/p>\n","protected":false},"author":4,"featured_media":54943,"comment_status":"closed","ping_status":"closed","sticky":false,"template":"","format":"standard","meta":{"colormag_page_container_layout":"default_layout","colormag_page_sidebar_layout":"default_layout","_jetpack_memberships_contains_paid_content":false,"footnotes":"","jetpack_publicize_message":"","jetpack_publicize_feature_enabled":true,"jetpack_social_post_already_shared":false,"jetpack_social_options":{"image_generator_settings":{"template":"highway","default_image_id":0,"font":"","enabled":false},"version":2}},"categories":[33],"tags":[],"class_list":["post-54942","post","type-post","status-publish","format-standard","has-post-thumbnail","hentry","category-nacional"],"jetpack_publicize_connections":[],"jetpack_featured_media_url":"https:\/\/i0.wp.com\/politicosaldesnudo.com.mx\/wp-content\/uploads\/2025\/01\/AA1xCghf.jpg?fit=768%2C512&ssl=1","jetpack-related-posts":[],"jetpack_sharing_enabled":true,"_links":{"self":[{"href":"https:\/\/politicosaldesnudo.com.mx\/index.php\/wp-json\/wp\/v2\/posts\/54942","targetHints":{"allow":["GET"]}}],"collection":[{"href":"https:\/\/politicosaldesnudo.com.mx\/index.php\/wp-json\/wp\/v2\/posts"}],"about":[{"href":"https:\/\/politicosaldesnudo.com.mx\/index.php\/wp-json\/wp\/v2\/types\/post"}],"author":[{"embeddable":true,"href":"https:\/\/politicosaldesnudo.com.mx\/index.php\/wp-json\/wp\/v2\/users\/4"}],"replies":[{"embeddable":true,"href":"https:\/\/politicosaldesnudo.com.mx\/index.php\/wp-json\/wp\/v2\/comments?post=54942"}],"version-history":[{"count":0,"href":"https:\/\/politicosaldesnudo.com.mx\/index.php\/wp-json\/wp\/v2\/posts\/54942\/revisions"}],"wp:featuredmedia":[{"embeddable":true,"href":"https:\/\/politicosaldesnudo.com.mx\/index.php\/wp-json\/wp\/v2\/media\/54943"}],"wp:attachment":[{"href":"https:\/\/politicosaldesnudo.com.mx\/index.php\/wp-json\/wp\/v2\/media?parent=54942"}],"wp:term":[{"taxonomy":"category","embeddable":true,"href":"https:\/\/politicosaldesnudo.com.mx\/index.php\/wp-json\/wp\/v2\/categories?post=54942"},{"taxonomy":"post_tag","embeddable":true,"href":"https:\/\/politicosaldesnudo.com.mx\/index.php\/wp-json\/wp\/v2\/tags?post=54942"}],"curies":[{"name":"wp","href":"https:\/\/api.w.org\/{rel}","templated":true}]}}