{"id":55009,"date":"2025-01-23T00:01:47","date_gmt":"2025-01-23T06:01:47","guid":{"rendered":"https:\/\/politicosaldesnudo.com.mx\/?p=55009"},"modified":"2025-01-22T21:30:52","modified_gmt":"2025-01-23T03:30:52","slug":"mas-cambios-en-el-ayuntamiento","status":"publish","type":"post","link":"https:\/\/politicosaldesnudo.com.mx\/index.php\/2025\/01\/23\/mas-cambios-en-el-ayuntamiento\/","title":{"rendered":"M\u00e1s cambios en el Ayuntamiento"},"content":{"rendered":"<p>Contin\u00faan los cambios en las direcciones del gobierno municipal, con el prop\u00f3sito de brindar un mejor servicio a la poblaci\u00f3n, as\u00ed lo manifest\u00f3 que el presidente Municipal Jes\u00fas Fomperoza.<\/p>\n<p>El mandatario local, explic\u00f3 que los cambios se realizaron en el \u00e1rea Obras P\u00fablicas, por lo que a partir de esta semana en la Direcci\u00f3n de Catastro despacha Diego P\u00e9rez, en Desarrollo Urbano Irad \u00c1ngeles Mendoza.<\/p>\n<p>Mar\u00eda Rosa Escamilla, deja la Coordinaci\u00f3n de Limpia P\u00fablica y ahora toma la Direcci\u00f3n de Servicios Municipales, mientras que Jes\u00fas Bautista ahora se convierte en el director de Educaci\u00f3n, mientras tanto Jorge Arturo Garc\u00eda Robles, se encargar\u00e1 de la Coordinaci\u00f3n de Limpia P\u00fablica.<\/p>\n<p>El alcalde aclar\u00f3 que son movimientos dentro de la misma plantilla del personal que ya se tiene solamente dando una reingenier\u00eda al gobierno, para cumplir con las demandas de la poblaci\u00f3n.<\/p>\n<p>\u00abFueron movimientos internos que hicimos y que tenemos que hacer, dentro de la misma plantilla y con ello vamos a seguir trabajando, para cumplir con los compromisos que tenemos con la poblaci\u00f3n, para dar una mayor din\u00e1mica de atenci\u00f3n\u00bb, agreg\u00f3.<\/p>\n","protected":false},"excerpt":{"rendered":"<p>Contin\u00faan los cambios en las direcciones del gobierno municipal, con el prop\u00f3sito de brindar un mejor servicio a la poblaci\u00f3n,<\/p>\n","protected":false},"author":4,"featured_media":55010,"comment_status":"closed","ping_status":"closed","sticky":false,"template":"","format":"standard","meta":{"colormag_page_container_layout":"default_layout","colormag_page_sidebar_layout":"default_layout","_jetpack_memberships_contains_paid_content":false,"footnotes":"","jetpack_publicize_message":"","jetpack_publicize_feature_enabled":true,"jetpack_social_post_already_shared":false,"jetpack_social_options":{"image_generator_settings":{"template":"highway","default_image_id":0,"font":"","enabled":false},"version":2}},"categories":[1082],"tags":[],"class_list":["post-55009","post","type-post","status-publish","format-standard","has-post-thumbnail","hentry","category-tuxpan"],"jetpack_publicize_connections":[],"jetpack_featured_media_url":"https:\/\/i0.wp.com\/politicosaldesnudo.com.mx\/wp-content\/uploads\/2025\/01\/4a-3.jpg?fit=1479%2C960&ssl=1","jetpack-related-posts":[],"jetpack_sharing_enabled":true,"_links":{"self":[{"href":"https:\/\/politicosaldesnudo.com.mx\/index.php\/wp-json\/wp\/v2\/posts\/55009","targetHints":{"allow":["GET"]}}],"collection":[{"href":"https:\/\/politicosaldesnudo.com.mx\/index.php\/wp-json\/wp\/v2\/posts"}],"about":[{"href":"https:\/\/politicosaldesnudo.com.mx\/index.php\/wp-json\/wp\/v2\/types\/post"}],"author":[{"embeddable":true,"href":"https:\/\/politicosaldesnudo.com.mx\/index.php\/wp-json\/wp\/v2\/users\/4"}],"replies":[{"embeddable":true,"href":"https:\/\/politicosaldesnudo.com.mx\/index.php\/wp-json\/wp\/v2\/comments?post=55009"}],"version-history":[{"count":0,"href":"https:\/\/politicosaldesnudo.com.mx\/index.php\/wp-json\/wp\/v2\/posts\/55009\/revisions"}],"wp:featuredmedia":[{"embeddable":true,"href":"https:\/\/politicosaldesnudo.com.mx\/index.php\/wp-json\/wp\/v2\/media\/55010"}],"wp:attachment":[{"href":"https:\/\/politicosaldesnudo.com.mx\/index.php\/wp-json\/wp\/v2\/media?parent=55009"}],"wp:term":[{"taxonomy":"category","embeddable":true,"href":"https:\/\/politicosaldesnudo.com.mx\/index.php\/wp-json\/wp\/v2\/categories?post=55009"},{"taxonomy":"post_tag","embeddable":true,"href":"https:\/\/politicosaldesnudo.com.mx\/index.php\/wp-json\/wp\/v2\/tags?post=55009"}],"curies":[{"name":"wp","href":"https:\/\/api.w.org\/{rel}","templated":true}]}}