{"id":55015,"date":"2025-01-23T00:03:06","date_gmt":"2025-01-23T06:03:06","guid":{"rendered":"https:\/\/politicosaldesnudo.com.mx\/?p=55015"},"modified":"2025-01-22T21:33:44","modified_gmt":"2025-01-23T03:33:44","slug":"realizaran-feria-del-empleo-2025","status":"publish","type":"post","link":"https:\/\/politicosaldesnudo.com.mx\/index.php\/2025\/01\/23\/realizaran-feria-del-empleo-2025\/","title":{"rendered":"Realizar\u00e1n Feria del Empleo 2025"},"content":{"rendered":"<p>El H. Ayuntamiento de Tuxpan, a trav\u00e9s del Servicio Municipal del Empleo, invita a la ciudadan\u00eda a asistir a la Feria de Empleo Tuxpan 2025.<\/p>\n<p>La feria se llevar\u00e1 a cabo el pr\u00f3ximo martes 28 de enero, de 9:00 a.m. a 3:00 p.m. en la Plaza C\u00edvica, donde las empresas de los sectores comercial, industrial y de servicios ofrecer\u00e1n diversas vacantes a la poblaci\u00f3n.<\/p>\n<p>Los interesados deber\u00e1n presentar solicitud de empleo elaborada y copia de identificaci\u00f3n (credencial de elector).<\/p>\n<p>Este evento est\u00e1 dise\u00f1ado para impulsar el desarrollo econ\u00f3mico y fortalecer la vinculaci\u00f3n laboral en el municipio.<\/p>\n<p>Es importante destacar que la Feria del Empleo Tuxpan 2025 es una oportunidad \u00fanica para que los buscadores de empleo puedan conocer las oportunidades laborales disponibles en la regi\u00f3n y establecer contactos directos con los representantes de las empresas participantes.<\/p>\n<p>Adem\u00e1s, el evento tambi\u00e9n ofrece la oportunidad de acceder a informaci\u00f3n y recursos para mejorar las habilidades y competencias laborales, lo que puede ser de gran beneficio para aquellos que buscan mejorar su empleabilidad.<\/p>\n","protected":false},"excerpt":{"rendered":"<p>El H. Ayuntamiento de Tuxpan, a trav\u00e9s del Servicio Municipal del Empleo, invita a la ciudadan\u00eda a asistir a la<\/p>\n","protected":false},"author":4,"featured_media":55016,"comment_status":"closed","ping_status":"closed","sticky":false,"template":"","format":"standard","meta":{"colormag_page_container_layout":"default_layout","colormag_page_sidebar_layout":"default_layout","_jetpack_memberships_contains_paid_content":false,"footnotes":"","jetpack_publicize_message":"","jetpack_publicize_feature_enabled":true,"jetpack_social_post_already_shared":false,"jetpack_social_options":{"image_generator_settings":{"template":"highway","default_image_id":0,"font":"","enabled":false},"version":2}},"categories":[1082],"tags":[],"class_list":["post-55015","post","type-post","status-publish","format-standard","has-post-thumbnail","hentry","category-tuxpan"],"jetpack_publicize_connections":[],"jetpack_featured_media_url":"https:\/\/i0.wp.com\/politicosaldesnudo.com.mx\/wp-content\/uploads\/2025\/01\/3b-6.jpg?fit=1080%2C737&ssl=1","jetpack-related-posts":[],"jetpack_sharing_enabled":true,"_links":{"self":[{"href":"https:\/\/politicosaldesnudo.com.mx\/index.php\/wp-json\/wp\/v2\/posts\/55015","targetHints":{"allow":["GET"]}}],"collection":[{"href":"https:\/\/politicosaldesnudo.com.mx\/index.php\/wp-json\/wp\/v2\/posts"}],"about":[{"href":"https:\/\/politicosaldesnudo.com.mx\/index.php\/wp-json\/wp\/v2\/types\/post"}],"author":[{"embeddable":true,"href":"https:\/\/politicosaldesnudo.com.mx\/index.php\/wp-json\/wp\/v2\/users\/4"}],"replies":[{"embeddable":true,"href":"https:\/\/politicosaldesnudo.com.mx\/index.php\/wp-json\/wp\/v2\/comments?post=55015"}],"version-history":[{"count":0,"href":"https:\/\/politicosaldesnudo.com.mx\/index.php\/wp-json\/wp\/v2\/posts\/55015\/revisions"}],"wp:featuredmedia":[{"embeddable":true,"href":"https:\/\/politicosaldesnudo.com.mx\/index.php\/wp-json\/wp\/v2\/media\/55016"}],"wp:attachment":[{"href":"https:\/\/politicosaldesnudo.com.mx\/index.php\/wp-json\/wp\/v2\/media?parent=55015"}],"wp:term":[{"taxonomy":"category","embeddable":true,"href":"https:\/\/politicosaldesnudo.com.mx\/index.php\/wp-json\/wp\/v2\/categories?post=55015"},{"taxonomy":"post_tag","embeddable":true,"href":"https:\/\/politicosaldesnudo.com.mx\/index.php\/wp-json\/wp\/v2\/tags?post=55015"}],"curies":[{"name":"wp","href":"https:\/\/api.w.org\/{rel}","templated":true}]}}