{"id":55030,"date":"2025-01-23T00:08:28","date_gmt":"2025-01-23T06:08:28","guid":{"rendered":"https:\/\/politicosaldesnudo.com.mx\/?p=55030"},"modified":"2025-01-22T22:03:53","modified_gmt":"2025-01-23T04:03:53","slug":"ordena-tepjf-incluir-a-112-personas-a-lista-de-aspirantes-a-cargo-judicial","status":"publish","type":"post","link":"https:\/\/politicosaldesnudo.com.mx\/index.php\/2025\/01\/23\/ordena-tepjf-incluir-a-112-personas-a-lista-de-aspirantes-a-cargo-judicial\/","title":{"rendered":"Ordena TEPJF incluir a 112 personas a lista de aspirantes a cargo judicial"},"content":{"rendered":"<p class=\"western\">La Sala Superior Tribunal Electoral del Poder Judicial de la Federaci\u00f3n (TEPJF) orden\u00f3 la inclusi\u00f3n de 112 personas al proceso de selecci\u00f3n de candidatos a la elecci\u00f3n judicial, comicios extraordinarios a realizarse el domingo 1 de junio pr\u00f3ximo.<\/p>\n<p class=\"western\">La gran mayor\u00eda de estos casos &#8211; 109- corresponden a personas inscritas ante el Comit\u00e9 de Evaluaci\u00f3n del Poder Judicial, cuya reactivaci\u00f3n fue ordenada este mi\u00e9rcoles por esta misma Sala Superior; tambi\u00e9n hay tres casos con origen del Poder Ejecutivo.<\/p>\n<p class=\"western\">Por tanto, los 112 aspirantes deber\u00e1n ser admitidos en las etapas siguientes cuyo objetivo es generar las listas de candidatos que el 12 de febrero el Senado de la Rep\u00fablica enviar\u00e1 al Instituto Nacional Electoral para que proceda a imprimir m\u00e1s de 600 millones de boletas, correspondientes a seis tipos de contienda en esta elecci\u00f3n judicial.<\/p>\n<p class=\"western\">La Sala Superior confirm\u00f3 los requisitos acad\u00e9micos marcados en la convocatoria, por ejemplo, tener al menos ocho de promedio en la licenciatura, y no solo nueve en la maestr\u00eda, para aspirar a una candidatura para ser ministro, magistrado o juez.<\/p>\n<p class=\"western\">En la sesi\u00f3n de hoy fueron resueltos 383 casos, por lo que casi 200 asuntos, igualmente de solicitudes de aspirantes, fueron rechazados.<\/p>\n","protected":false},"excerpt":{"rendered":"<p>La Sala Superior Tribunal Electoral del Poder Judicial de la Federaci\u00f3n (TEPJF) orden\u00f3 la inclusi\u00f3n de 112 personas al proceso<\/p>\n","protected":false},"author":4,"featured_media":55031,"comment_status":"closed","ping_status":"closed","sticky":false,"template":"","format":"standard","meta":{"colormag_page_container_layout":"default_layout","colormag_page_sidebar_layout":"default_layout","_jetpack_memberships_contains_paid_content":false,"footnotes":"","jetpack_publicize_message":"","jetpack_publicize_feature_enabled":true,"jetpack_social_post_already_shared":false,"jetpack_social_options":{"image_generator_settings":{"template":"highway","default_image_id":0,"font":"","enabled":false},"version":2}},"categories":[33],"tags":[],"class_list":["post-55030","post","type-post","status-publish","format-standard","has-post-thumbnail","hentry","category-nacional"],"jetpack_publicize_connections":[],"jetpack_featured_media_url":"https:\/\/i0.wp.com\/politicosaldesnudo.com.mx\/wp-content\/uploads\/2025\/01\/captura-de-pantalla-2024-08-28-210708.png?fit=811%2C615&ssl=1","jetpack-related-posts":[],"jetpack_sharing_enabled":true,"_links":{"self":[{"href":"https:\/\/politicosaldesnudo.com.mx\/index.php\/wp-json\/wp\/v2\/posts\/55030","targetHints":{"allow":["GET"]}}],"collection":[{"href":"https:\/\/politicosaldesnudo.com.mx\/index.php\/wp-json\/wp\/v2\/posts"}],"about":[{"href":"https:\/\/politicosaldesnudo.com.mx\/index.php\/wp-json\/wp\/v2\/types\/post"}],"author":[{"embeddable":true,"href":"https:\/\/politicosaldesnudo.com.mx\/index.php\/wp-json\/wp\/v2\/users\/4"}],"replies":[{"embeddable":true,"href":"https:\/\/politicosaldesnudo.com.mx\/index.php\/wp-json\/wp\/v2\/comments?post=55030"}],"version-history":[{"count":0,"href":"https:\/\/politicosaldesnudo.com.mx\/index.php\/wp-json\/wp\/v2\/posts\/55030\/revisions"}],"wp:featuredmedia":[{"embeddable":true,"href":"https:\/\/politicosaldesnudo.com.mx\/index.php\/wp-json\/wp\/v2\/media\/55031"}],"wp:attachment":[{"href":"https:\/\/politicosaldesnudo.com.mx\/index.php\/wp-json\/wp\/v2\/media?parent=55030"}],"wp:term":[{"taxonomy":"category","embeddable":true,"href":"https:\/\/politicosaldesnudo.com.mx\/index.php\/wp-json\/wp\/v2\/categories?post=55030"},{"taxonomy":"post_tag","embeddable":true,"href":"https:\/\/politicosaldesnudo.com.mx\/index.php\/wp-json\/wp\/v2\/tags?post=55030"}],"curies":[{"name":"wp","href":"https:\/\/api.w.org\/{rel}","templated":true}]}}