{"id":55042,"date":"2025-01-23T00:12:14","date_gmt":"2025-01-23T06:12:14","guid":{"rendered":"https:\/\/politicosaldesnudo.com.mx\/?p=55042"},"modified":"2025-01-22T22:13:34","modified_gmt":"2025-01-23T04:13:34","slug":"sener-se-reune-con-directivos-de-iberdrola-y-sempra-infraestructura","status":"publish","type":"post","link":"https:\/\/politicosaldesnudo.com.mx\/index.php\/2025\/01\/23\/sener-se-reune-con-directivos-de-iberdrola-y-sempra-infraestructura\/","title":{"rendered":"Sener se re\u00fane con directivos de Iberdrola y Sempra Infraestructura"},"content":{"rendered":"<p>La titular de la Secretar\u00eda de Energ\u00eda (Sener), Luz Elena Gonz\u00e1lez Escobar, se reuni\u00f3 este mi\u00e9rcoles con directivos de Iberdrola y Sempra Infraestructura para tratar la participaci\u00f3n de los privados en los diferentes subsectores en los que se encuentran.<\/p>\n<p>De acuerdo con dos publicaciones de la cuenta de la funcionaria en la red social X,\u00a0 primero sostuvo un encuentro con representantes de la firma de capital espa\u00f1ol. En\u00a0 mismo espacio, acudi\u00f3 la directora general de la Comisi\u00f3n Federal de Electricidad (CFE), Emilia Calleja Alor.<\/p>\n<p>\u201cPlaticamos sobre nuestra visi\u00f3n de expansi\u00f3n del sector, iniciada en la administraci\u00f3n pasada, que busca fortalecer la planeaci\u00f3n para garantizar el orden y la confiabilidad, y avanzar en la soberan\u00eda energ\u00e9tica\u201d, se\u00f1al\u00f3 Gonz\u00e1lez Escobar.<\/p>\n<p>Detall\u00f3 que durante el encuentro tambi\u00e9n se abordaron los motivos de la reforma energ\u00e9tica\u00a0 que devuelve a las empresas estatales su car\u00e1cter de p\u00fablico y tambi\u00e9n sobre las nuevas reglas y esquemas de participaci\u00f3n privada.<\/p>\n<p>\u201cSeguiremos trabajando de manera franca y transparente con todos los participantes del sector para alcanzar la soberan\u00eda energ\u00e9tica que garantice un futuro de prosperidad compartida\u201d, indic\u00f3 la titular de la Sener.<\/p>\n<p>M\u00e1s tarde, la funcionaria sostuvo un encuentro con Abraham Zamora, presidente de Sempra Infraestructura\u00a0 M\u00e9xico, y a Sergio Romero, vicepresidente de Regulaci\u00f3n y Asuntos P\u00fablicos de la misma firma.<\/p>\n<p>De acuerdo con la funcionaria, trataron proyectos estrat\u00e9gicos de gas y el programa de justicia energ\u00e9tica.<\/p>\n<p>\u201cTambi\u00e9n exploramos sobre nuevas \u00e1reas de colaboraci\u00f3n con el Gobierno de M\u00e9xico, para garantizar el abasto oportuno y asequible de este importante insumo energ\u00e9tico\u201d, se\u00f1al\u00f3.<\/p>\n","protected":false},"excerpt":{"rendered":"<p>La titular de la Secretar\u00eda de Energ\u00eda (Sener), Luz Elena Gonz\u00e1lez Escobar, se reuni\u00f3 este mi\u00e9rcoles con directivos de Iberdrola<\/p>\n","protected":false},"author":4,"featured_media":55043,"comment_status":"closed","ping_status":"closed","sticky":false,"template":"","format":"standard","meta":{"colormag_page_container_layout":"default_layout","colormag_page_sidebar_layout":"default_layout","_jetpack_memberships_contains_paid_content":false,"footnotes":"","jetpack_publicize_message":"","jetpack_publicize_feature_enabled":true,"jetpack_social_post_already_shared":false,"jetpack_social_options":{"image_generator_settings":{"template":"highway","default_image_id":0,"font":"","enabled":false},"version":2}},"categories":[2050],"tags":[],"class_list":["post-55042","post","type-post","status-publish","format-standard","has-post-thumbnail","hentry","category-economia"],"jetpack_publicize_connections":[],"jetpack_featured_media_url":"https:\/\/i0.wp.com\/politicosaldesnudo.com.mx\/wp-content\/uploads\/2025\/01\/iberdrola.jpg?fit=700%2C497&ssl=1","jetpack-related-posts":[],"jetpack_sharing_enabled":true,"_links":{"self":[{"href":"https:\/\/politicosaldesnudo.com.mx\/index.php\/wp-json\/wp\/v2\/posts\/55042","targetHints":{"allow":["GET"]}}],"collection":[{"href":"https:\/\/politicosaldesnudo.com.mx\/index.php\/wp-json\/wp\/v2\/posts"}],"about":[{"href":"https:\/\/politicosaldesnudo.com.mx\/index.php\/wp-json\/wp\/v2\/types\/post"}],"author":[{"embeddable":true,"href":"https:\/\/politicosaldesnudo.com.mx\/index.php\/wp-json\/wp\/v2\/users\/4"}],"replies":[{"embeddable":true,"href":"https:\/\/politicosaldesnudo.com.mx\/index.php\/wp-json\/wp\/v2\/comments?post=55042"}],"version-history":[{"count":0,"href":"https:\/\/politicosaldesnudo.com.mx\/index.php\/wp-json\/wp\/v2\/posts\/55042\/revisions"}],"wp:featuredmedia":[{"embeddable":true,"href":"https:\/\/politicosaldesnudo.com.mx\/index.php\/wp-json\/wp\/v2\/media\/55043"}],"wp:attachment":[{"href":"https:\/\/politicosaldesnudo.com.mx\/index.php\/wp-json\/wp\/v2\/media?parent=55042"}],"wp:term":[{"taxonomy":"category","embeddable":true,"href":"https:\/\/politicosaldesnudo.com.mx\/index.php\/wp-json\/wp\/v2\/categories?post=55042"},{"taxonomy":"post_tag","embeddable":true,"href":"https:\/\/politicosaldesnudo.com.mx\/index.php\/wp-json\/wp\/v2\/tags?post=55042"}],"curies":[{"name":"wp","href":"https:\/\/api.w.org\/{rel}","templated":true}]}}