{"id":55045,"date":"2025-01-23T00:13:02","date_gmt":"2025-01-23T06:13:02","guid":{"rendered":"https:\/\/politicosaldesnudo.com.mx\/?p=55045"},"modified":"2025-01-22T22:18:34","modified_gmt":"2025-01-23T04:18:34","slug":"instalan-en-acapulco-modulo-para-entrega-voluntaria-de-armas","status":"publish","type":"post","link":"https:\/\/politicosaldesnudo.com.mx\/index.php\/2025\/01\/23\/instalan-en-acapulco-modulo-para-entrega-voluntaria-de-armas\/","title":{"rendered":"Instalan en Acapulco m\u00f3dulo para entrega voluntaria de armas"},"content":{"rendered":"<p>En Guerrero inici\u00f3 la campa\u00f1a de desarme en el z\u00f3calo de Acapulco, bajo el nombre \u2018S\u00ed al desarme, s\u00ed a la paz\u2019. La ceremonia estuvo encabezada por la gobernadora Evelyn Salgado Pineda, con la participaci\u00f3n de las fuerzas armadas y autoridades civiles.<\/p>\n<p>Roc\u00edo B\u00e1rcena Molina, subsecretaria de Desarrollo Democr\u00e1tico, Participaci\u00f3n Social y Asuntos Religiosos del gobierno federal, explic\u00f3 que armas, cartuchos y cargadores pueden ser entregados en el m\u00f3dulo instalado en el z\u00f3calo de Acapulco, lo cual se podr\u00e1 realizar de manera an\u00f3nima, a cambio de un incentivo econ\u00f3mico, de lunes a viernes de 10 de la ma\u00f1ana a 4 de la tarde, hasta el pr\u00f3ximo 26 de enero.<\/p>\n<p>Indic\u00f3 que \u00abhay una compensaci\u00f3n econ\u00f3mica, que es el costo del arma, y esa familia queda desarmada, libre de violencia\u00bb.<\/p>\n<p>Agreg\u00f3 que otro objetivo es que ning\u00fan ni\u00f1o, ninguna ni\u00f1a, tenga juguetes b\u00e9licos en su casa, por lo que las familias podr\u00e1n entregarlos a cambio de juguetes educativos.<\/p>\n<p>Mencion\u00f3 que \u00absustituimos un juguete b\u00e9lico por un juguete educativo. Las armas son un s\u00edmbolo de violencia, de muerte, de descomposici\u00f3n\u00bb.<\/p>\n<p>B\u00e1rcena Molina expres\u00f3 que estas acciones forman parte de los ejes de la Estrategia Nacional de Seguridad, que trabajan en la atenci\u00f3n a las causas, el fortalecimiento de la Guardia Nacional, el reforzamiento de la inteligencia e investigaci\u00f3n, as\u00ed como la coordinaci\u00f3n de los estados y todas las instituciones encargadas de la construcci\u00f3n de la paz.<\/p>\n<p>En su intervenci\u00f3n, la gobernadora Evelyn Salgado subray\u00f3 que la construcci\u00f3n de la paz es una tarea de todos.<\/p>\n<p>Resalt\u00f3 que la finalidad de este tipo de acciones es construir la paz que transforma vidas y realidades, y que permite a los ni\u00f1os y ni\u00f1as vivir libres de violencia.<\/p>\n<p>Manifest\u00f3 que \u201cpaz no s\u00f3lo como ausencia de conflicto, sino como una base s\u00f3lida sobre la cual edifiquemos una vida plena, una vida significativa; paz en su sentido m\u00e1s amplio, esa paz que siembre esperanza, que transforma vidas, que transforma realidades. La paz que permite a nuestras ni\u00f1as y a nuestros ni\u00f1os vivir libres de violencia, a nuestras mujeres, adolescentes, ni\u00f1as, poder caminar sin temor; a las familias, poder vivir tranquilas. Esa paz que es fruto de la justicia y que es la \u00fanica que vale la pena conquistar\u201d.<\/p>\n<p>Recalc\u00f3 que el compromiso de su administraci\u00f3n es construir y garantizar espacios seguros para las familias, y puntualiz\u00f3 que \u00abes nuestro compromiso absoluto, estamos cien por ciento comprometidos con este programa\u00bb.<\/p>\n<p>Por \u00faltimo, se\u00f1al\u00f3 que \u00abel gobierno tiene la obligaci\u00f3n fundamental en la construcci\u00f3n de paz, pero en este tema deben participar tambi\u00e9n la sociedad, las familias, desde el seno familiar, para cambiar mentalidades\u00bb.<\/p>\n","protected":false},"excerpt":{"rendered":"<p>En Guerrero inici\u00f3 la campa\u00f1a de desarme en el z\u00f3calo de Acapulco, bajo el nombre \u2018S\u00ed al desarme, s\u00ed a<\/p>\n","protected":false},"author":4,"featured_media":55046,"comment_status":"closed","ping_status":"closed","sticky":false,"template":"","format":"standard","meta":{"colormag_page_container_layout":"default_layout","colormag_page_sidebar_layout":"default_layout","_jetpack_memberships_contains_paid_content":false,"footnotes":"","jetpack_publicize_message":"","jetpack_publicize_feature_enabled":true,"jetpack_social_post_already_shared":false,"jetpack_social_options":{"image_generator_settings":{"template":"highway","default_image_id":0,"font":"","enabled":false},"version":2}},"categories":[30],"tags":[],"class_list":["post-55045","post","type-post","status-publish","format-standard","has-post-thumbnail","hentry","category-estados"],"jetpack_publicize_connections":[],"jetpack_featured_media_url":"https:\/\/i0.wp.com\/politicosaldesnudo.com.mx\/wp-content\/uploads\/2025\/01\/BB1rkabj.jpg?fit=768%2C512&ssl=1","jetpack-related-posts":[],"jetpack_sharing_enabled":true,"_links":{"self":[{"href":"https:\/\/politicosaldesnudo.com.mx\/index.php\/wp-json\/wp\/v2\/posts\/55045","targetHints":{"allow":["GET"]}}],"collection":[{"href":"https:\/\/politicosaldesnudo.com.mx\/index.php\/wp-json\/wp\/v2\/posts"}],"about":[{"href":"https:\/\/politicosaldesnudo.com.mx\/index.php\/wp-json\/wp\/v2\/types\/post"}],"author":[{"embeddable":true,"href":"https:\/\/politicosaldesnudo.com.mx\/index.php\/wp-json\/wp\/v2\/users\/4"}],"replies":[{"embeddable":true,"href":"https:\/\/politicosaldesnudo.com.mx\/index.php\/wp-json\/wp\/v2\/comments?post=55045"}],"version-history":[{"count":0,"href":"https:\/\/politicosaldesnudo.com.mx\/index.php\/wp-json\/wp\/v2\/posts\/55045\/revisions"}],"wp:featuredmedia":[{"embeddable":true,"href":"https:\/\/politicosaldesnudo.com.mx\/index.php\/wp-json\/wp\/v2\/media\/55046"}],"wp:attachment":[{"href":"https:\/\/politicosaldesnudo.com.mx\/index.php\/wp-json\/wp\/v2\/media?parent=55045"}],"wp:term":[{"taxonomy":"category","embeddable":true,"href":"https:\/\/politicosaldesnudo.com.mx\/index.php\/wp-json\/wp\/v2\/categories?post=55045"},{"taxonomy":"post_tag","embeddable":true,"href":"https:\/\/politicosaldesnudo.com.mx\/index.php\/wp-json\/wp\/v2\/tags?post=55045"}],"curies":[{"name":"wp","href":"https:\/\/api.w.org\/{rel}","templated":true}]}}