{"id":55048,"date":"2025-01-23T00:14:02","date_gmt":"2025-01-23T06:14:02","guid":{"rendered":"https:\/\/politicosaldesnudo.com.mx\/?p=55048"},"modified":"2025-01-22T22:20:26","modified_gmt":"2025-01-23T04:20:26","slug":"secretaria-de-gobernacion-sostiene-encuentro-con-el-gobernador-de-nayarit","status":"publish","type":"post","link":"https:\/\/politicosaldesnudo.com.mx\/index.php\/2025\/01\/23\/secretaria-de-gobernacion-sostiene-encuentro-con-el-gobernador-de-nayarit\/","title":{"rendered":"Secretaria de Gobernaci\u00f3n sostiene encuentro con el gobernador de Nayarit"},"content":{"rendered":"<p>La Secretaria de Gobernaci\u00f3n, Rosa Icela Rodr\u00edguez, se reuni\u00f3 con el gobernador de Nayarit, Miguel \u00c1ngel Navarro. \u201cCoordinamos acciones en beneficio de nayaritas\u201d, indic\u00f3 la funcionaria federal en redes sociales, tras la que fue la segunda ocasi\u00f3n que recibe a Navarro en la sede de la dependencia en Bucareli desde el inicio de la actual administraci\u00f3n.<\/p>\n<p>Por su parte, el gobierno nayarita detall\u00f3 que \u201centre los puntos centrales de la conversaci\u00f3n destacaron la seguridad, el fortalecimiento social y la protecci\u00f3n de las familias nayaritas\u201d, y apunt\u00f3 que \u201ccoincidieron en la importancia de trabajar de manera coordinada para alcanzar mejores resultados. El gobernador expres\u00f3 su convicci\u00f3n de que esta colaboraci\u00f3n permitir\u00e1 implementar acciones que beneficien directamente a las y los habitantes del estado\u201d.<\/p>\n<p>&nbsp;<\/p>\n","protected":false},"excerpt":{"rendered":"<p>La Secretaria de Gobernaci\u00f3n, Rosa Icela Rodr\u00edguez, se reuni\u00f3 con el gobernador de Nayarit, Miguel \u00c1ngel Navarro. \u201cCoordinamos acciones en<\/p>\n","protected":false},"author":4,"featured_media":55049,"comment_status":"closed","ping_status":"closed","sticky":false,"template":"","format":"standard","meta":{"colormag_page_container_layout":"default_layout","colormag_page_sidebar_layout":"default_layout","_jetpack_memberships_contains_paid_content":false,"footnotes":"","jetpack_publicize_message":"","jetpack_publicize_feature_enabled":true,"jetpack_social_post_already_shared":false,"jetpack_social_options":{"image_generator_settings":{"template":"highway","default_image_id":0,"font":"","enabled":false},"version":2}},"categories":[30],"tags":[],"class_list":["post-55048","post","type-post","status-publish","format-standard","has-post-thumbnail","hentry","category-estados"],"jetpack_publicize_connections":[],"jetpack_featured_media_url":"https:\/\/i0.wp.com\/politicosaldesnudo.com.mx\/wp-content\/uploads\/2025\/01\/a7e9fa52-1eb3-40aa-a2ac-0113df1ff094-750x406-1.jpeg?fit=750%2C406&ssl=1","jetpack-related-posts":[],"jetpack_sharing_enabled":true,"_links":{"self":[{"href":"https:\/\/politicosaldesnudo.com.mx\/index.php\/wp-json\/wp\/v2\/posts\/55048","targetHints":{"allow":["GET"]}}],"collection":[{"href":"https:\/\/politicosaldesnudo.com.mx\/index.php\/wp-json\/wp\/v2\/posts"}],"about":[{"href":"https:\/\/politicosaldesnudo.com.mx\/index.php\/wp-json\/wp\/v2\/types\/post"}],"author":[{"embeddable":true,"href":"https:\/\/politicosaldesnudo.com.mx\/index.php\/wp-json\/wp\/v2\/users\/4"}],"replies":[{"embeddable":true,"href":"https:\/\/politicosaldesnudo.com.mx\/index.php\/wp-json\/wp\/v2\/comments?post=55048"}],"version-history":[{"count":0,"href":"https:\/\/politicosaldesnudo.com.mx\/index.php\/wp-json\/wp\/v2\/posts\/55048\/revisions"}],"wp:featuredmedia":[{"embeddable":true,"href":"https:\/\/politicosaldesnudo.com.mx\/index.php\/wp-json\/wp\/v2\/media\/55049"}],"wp:attachment":[{"href":"https:\/\/politicosaldesnudo.com.mx\/index.php\/wp-json\/wp\/v2\/media?parent=55048"}],"wp:term":[{"taxonomy":"category","embeddable":true,"href":"https:\/\/politicosaldesnudo.com.mx\/index.php\/wp-json\/wp\/v2\/categories?post=55048"},{"taxonomy":"post_tag","embeddable":true,"href":"https:\/\/politicosaldesnudo.com.mx\/index.php\/wp-json\/wp\/v2\/tags?post=55048"}],"curies":[{"name":"wp","href":"https:\/\/api.w.org\/{rel}","templated":true}]}}