{"id":55097,"date":"2025-01-24T00:03:00","date_gmt":"2025-01-24T06:03:00","guid":{"rendered":"https:\/\/politicosaldesnudo.com.mx\/?p=55097"},"modified":"2025-01-23T21:45:53","modified_gmt":"2025-01-24T03:45:53","slug":"reanudan-jornadas-multidisciplinarias-2","status":"publish","type":"post","link":"https:\/\/politicosaldesnudo.com.mx\/index.php\/2025\/01\/24\/reanudan-jornadas-multidisciplinarias-2\/","title":{"rendered":"Reanudan Jornadas Multidisciplinarias"},"content":{"rendered":"<p>Debido a la favorable respuesta ciudadana que tuvieron el a\u00f1o pasado, este jueves se reanudaron las Jornadas Multidisciplinarias que realiza la sindicatura \u00fanica del gobierno de Tuxpan, a cargo de la Mtra. Beatriz Pi\u00f1a Vergara, en las que se acercan diversos servicios a la poblaci\u00f3n, de manera gratuita.<\/p>\n<p>En esta ocasi\u00f3n se llevaron a cabo los talleres de manualidades con list\u00f3n, impartido por la fundaci\u00f3n \u201cSin miedo a trabajar contigo\u201d y de art\u00edculos con cart\u00f3n reciclado, bajo la instrucci\u00f3n del maestro \u00d3scar Gonz\u00e1lez, de \u201cCreaciones Dise\u00f1Oso\u201d.<\/p>\n<p>Durante esta jornada tambi\u00e9n se cont\u00f3 con la participaci\u00f3n de profesionales del Instituto de Belleza \u201cThe Queens\u201d, quienes realizaron cortes de cabello, sin costo alguno.<\/p>\n<p>La s\u00edndica Bety Pi\u00f1a indic\u00f3 que a trav\u00e9s de estos talleres se busca fomentar el autoempleo pues, con el aprendizaje obtenido, los asistentes pueden generar sus propios ingresos, brindando a las familias una posibilidad m\u00e1s de mejorar su calidad de vida.<\/p>\n<p>Por ese motivo, invit\u00f3 al p\u00fablico en general a ser parte de estos cursos que se desarrollan cada jueves en la planta baja de presidencia municipal, de 10:00 a 14:00 horas.<\/p>\n<p>La edil inform\u00f3 que la pr\u00f3xima semana, con el apoyo de Grupo \u00d3ptico del Totonacapan, se practicar\u00e1n ex\u00e1menes de la vista gratuitos y se ofrecer\u00e1 la adquisici\u00f3n de anteojos graduados, a bajo costo.<\/p>\n","protected":false},"excerpt":{"rendered":"<p>Debido a la favorable respuesta ciudadana que tuvieron el a\u00f1o pasado, este jueves se reanudaron las Jornadas Multidisciplinarias que realiza<\/p>\n","protected":false},"author":4,"featured_media":55098,"comment_status":"closed","ping_status":"closed","sticky":false,"template":"","format":"standard","meta":{"colormag_page_container_layout":"default_layout","colormag_page_sidebar_layout":"default_layout","_jetpack_memberships_contains_paid_content":false,"footnotes":"","jetpack_publicize_message":"","jetpack_publicize_feature_enabled":true,"jetpack_social_post_already_shared":false,"jetpack_social_options":{"image_generator_settings":{"template":"highway","default_image_id":0,"font":"","enabled":false},"version":2}},"categories":[1082],"tags":[],"class_list":["post-55097","post","type-post","status-publish","format-standard","has-post-thumbnail","hentry","category-tuxpan"],"jetpack_publicize_connections":[],"jetpack_featured_media_url":"https:\/\/i0.wp.com\/politicosaldesnudo.com.mx\/wp-content\/uploads\/2025\/01\/3a1-2.jpg?fit=1600%2C1070&ssl=1","jetpack-related-posts":[],"jetpack_sharing_enabled":true,"_links":{"self":[{"href":"https:\/\/politicosaldesnudo.com.mx\/index.php\/wp-json\/wp\/v2\/posts\/55097","targetHints":{"allow":["GET"]}}],"collection":[{"href":"https:\/\/politicosaldesnudo.com.mx\/index.php\/wp-json\/wp\/v2\/posts"}],"about":[{"href":"https:\/\/politicosaldesnudo.com.mx\/index.php\/wp-json\/wp\/v2\/types\/post"}],"author":[{"embeddable":true,"href":"https:\/\/politicosaldesnudo.com.mx\/index.php\/wp-json\/wp\/v2\/users\/4"}],"replies":[{"embeddable":true,"href":"https:\/\/politicosaldesnudo.com.mx\/index.php\/wp-json\/wp\/v2\/comments?post=55097"}],"version-history":[{"count":0,"href":"https:\/\/politicosaldesnudo.com.mx\/index.php\/wp-json\/wp\/v2\/posts\/55097\/revisions"}],"wp:featuredmedia":[{"embeddable":true,"href":"https:\/\/politicosaldesnudo.com.mx\/index.php\/wp-json\/wp\/v2\/media\/55098"}],"wp:attachment":[{"href":"https:\/\/politicosaldesnudo.com.mx\/index.php\/wp-json\/wp\/v2\/media?parent=55097"}],"wp:term":[{"taxonomy":"category","embeddable":true,"href":"https:\/\/politicosaldesnudo.com.mx\/index.php\/wp-json\/wp\/v2\/categories?post=55097"},{"taxonomy":"post_tag","embeddable":true,"href":"https:\/\/politicosaldesnudo.com.mx\/index.php\/wp-json\/wp\/v2\/tags?post=55097"}],"curies":[{"name":"wp","href":"https:\/\/api.w.org\/{rel}","templated":true}]}}