{"id":55145,"date":"2025-01-24T00:19:00","date_gmt":"2025-01-24T06:19:00","guid":{"rendered":"https:\/\/politicosaldesnudo.com.mx\/?p=55145"},"modified":"2025-01-23T23:02:08","modified_gmt":"2025-01-24T05:02:08","slug":"milei-defiende-el-inocente-gesto-de-musk","status":"publish","type":"post","link":"https:\/\/politicosaldesnudo.com.mx\/index.php\/2025\/01\/24\/milei-defiende-el-inocente-gesto-de-musk\/","title":{"rendered":"Milei defiende el \u00abinocente gesto\u00bb de Musk"},"content":{"rendered":"<p>El presidente de Argentina, Javier Milei, denunci\u00f3 este jueves en el Foro Econ\u00f3mico Mundial de Davos \u00abel virus mental de la ideolog\u00eda\u00a0<em>woke<\/em><strong>*<\/strong>\u00bb y defendi\u00f3 el saludo de Elon Musk entendido por algunos como \u00abnazi\u00bb.<\/p>\n<p>\u00abEl virus mental de la ideolog\u00eda woke. Esta es la gran epidemia en nuestra \u00e9poca que debe ser curada. Es el c\u00e1ncer que hay que extirpar\u00bb, afirm\u00f3 Milei en un discurso en esta ciudad suiza.<\/p>\n<p>\u00abEsta ideolog\u00eda ha colonizado las instituciones m\u00e1s importantes del mundo\u00bb, continu\u00f3.<\/p>\n<p>El dirigente argentino, firme defensor del Estado de Israel y muy cercano al juda\u00edsmo, tambi\u00e9n sali\u00f3 en defensa de su \u00abquerido amigo\u00bb Musk, propietario de X y de Tesla, que lanz\u00f3 un gesto a los seguidores del presidente estadunidense Donald Trump tras su investidura, considerado por muchos como un saludo nazi.<\/p>\n","protected":false},"excerpt":{"rendered":"<p>El presidente de Argentina, Javier Milei, denunci\u00f3 este jueves en el Foro Econ\u00f3mico Mundial de Davos \u00abel virus mental de<\/p>\n","protected":false},"author":4,"featured_media":55146,"comment_status":"closed","ping_status":"closed","sticky":false,"template":"","format":"standard","meta":{"colormag_page_container_layout":"default_layout","colormag_page_sidebar_layout":"default_layout","_jetpack_memberships_contains_paid_content":false,"footnotes":"","jetpack_publicize_message":"","jetpack_publicize_feature_enabled":true,"jetpack_social_post_already_shared":false,"jetpack_social_options":{"image_generator_settings":{"template":"highway","default_image_id":0,"font":"","enabled":false},"version":2}},"categories":[28],"tags":[],"class_list":["post-55145","post","type-post","status-publish","format-standard","has-post-thumbnail","hentry","category-internacional"],"jetpack_publicize_connections":[],"jetpack_featured_media_url":"https:\/\/i0.wp.com\/politicosaldesnudo.com.mx\/wp-content\/uploads\/2025\/01\/AA1xIWMz.jpg?fit=768%2C640&ssl=1","jetpack-related-posts":[],"jetpack_sharing_enabled":true,"_links":{"self":[{"href":"https:\/\/politicosaldesnudo.com.mx\/index.php\/wp-json\/wp\/v2\/posts\/55145","targetHints":{"allow":["GET"]}}],"collection":[{"href":"https:\/\/politicosaldesnudo.com.mx\/index.php\/wp-json\/wp\/v2\/posts"}],"about":[{"href":"https:\/\/politicosaldesnudo.com.mx\/index.php\/wp-json\/wp\/v2\/types\/post"}],"author":[{"embeddable":true,"href":"https:\/\/politicosaldesnudo.com.mx\/index.php\/wp-json\/wp\/v2\/users\/4"}],"replies":[{"embeddable":true,"href":"https:\/\/politicosaldesnudo.com.mx\/index.php\/wp-json\/wp\/v2\/comments?post=55145"}],"version-history":[{"count":0,"href":"https:\/\/politicosaldesnudo.com.mx\/index.php\/wp-json\/wp\/v2\/posts\/55145\/revisions"}],"wp:featuredmedia":[{"embeddable":true,"href":"https:\/\/politicosaldesnudo.com.mx\/index.php\/wp-json\/wp\/v2\/media\/55146"}],"wp:attachment":[{"href":"https:\/\/politicosaldesnudo.com.mx\/index.php\/wp-json\/wp\/v2\/media?parent=55145"}],"wp:term":[{"taxonomy":"category","embeddable":true,"href":"https:\/\/politicosaldesnudo.com.mx\/index.php\/wp-json\/wp\/v2\/categories?post=55145"},{"taxonomy":"post_tag","embeddable":true,"href":"https:\/\/politicosaldesnudo.com.mx\/index.php\/wp-json\/wp\/v2\/tags?post=55145"}],"curies":[{"name":"wp","href":"https:\/\/api.w.org\/{rel}","templated":true}]}}