{"id":55148,"date":"2025-01-24T00:20:38","date_gmt":"2025-01-24T06:20:38","guid":{"rendered":"https:\/\/politicosaldesnudo.com.mx\/?p=55148"},"modified":"2025-01-23T23:03:58","modified_gmt":"2025-01-24T05:03:58","slug":"eu-dejaran-de-emitir-pasaportes-con-x-para-personas-trans-o-no-binarias","status":"publish","type":"post","link":"https:\/\/politicosaldesnudo.com.mx\/index.php\/2025\/01\/24\/eu-dejaran-de-emitir-pasaportes-con-x-para-personas-trans-o-no-binarias\/","title":{"rendered":"EU: dejar\u00e1n de emitir pasaportes con \u2018X\u2019 para personas trans o no binarias"},"content":{"rendered":"<p>El secretario de Estado, Marco Rubio, orden\u00f3 hoy al Departamento de Estado que detenga inmediatamente el procesamiento de solicitudes de personas trans, intersexuales y no binarias para pasaportes que reflejen con precisi\u00f3n su g\u00e9nero, inform\u00f3 el medio\u00a0<em>The Intercept<\/em>.<\/p>\n<p>La orden de Rubio representa un impacto inmediato de la discriminatoria orden ejecutiva que el presidente estadunidense Donald Trump firm\u00f3 el lunes, en la que estableci\u00f3 que solo hay \u201cdos sexos, masculino y femenino\u201d y que el sexo es una \u201crealidad biol\u00f3gica inmutable\u201d.<\/p>\n<p>El magnate orden\u00f3 al Departamento de Estado y otras agencias exigir que los pasaportes, visas y documentos gubernamentales \u201creflejen el sexo del titular\u201d asignado al nacer.<\/p>\n<p>A partir de 2021, el Departamento de Estado comenz\u00f3 a permitir que las personas seleccionen un marcador en su pasaporte que refleje con precisi\u00f3n su identidad de g\u00e9nero sin necesidad de certificaci\u00f3n m\u00e9dica. En 2022, el Departamento de Estado introdujo un marcador \u201cX\u201d para personas no binarias, intersexuales y no conformes con su g\u00e9nero. La orden de Rubio elimina estas opciones, agreg\u00f3\u00a0<em>The Intercept<\/em>.<\/p>\n","protected":false},"excerpt":{"rendered":"<p>El secretario de Estado, Marco Rubio, orden\u00f3 hoy al Departamento de Estado que detenga inmediatamente el procesamiento de solicitudes de<\/p>\n","protected":false},"author":4,"featured_media":55149,"comment_status":"closed","ping_status":"closed","sticky":false,"template":"","format":"standard","meta":{"colormag_page_container_layout":"default_layout","colormag_page_sidebar_layout":"default_layout","_jetpack_memberships_contains_paid_content":false,"footnotes":"","jetpack_publicize_message":"","jetpack_publicize_feature_enabled":true,"jetpack_social_post_already_shared":false,"jetpack_social_options":{"image_generator_settings":{"template":"highway","default_image_id":0,"font":"","enabled":false},"version":2}},"categories":[28],"tags":[],"class_list":["post-55148","post","type-post","status-publish","format-standard","has-post-thumbnail","hentry","category-internacional"],"jetpack_publicize_connections":[],"jetpack_featured_media_url":"https:\/\/i0.wp.com\/politicosaldesnudo.com.mx\/wp-content\/uploads\/2025\/01\/20220331035305629-0-1914888-CReZf1Iot.jpg?fit=2048%2C1290&ssl=1","jetpack-related-posts":[],"jetpack_sharing_enabled":true,"_links":{"self":[{"href":"https:\/\/politicosaldesnudo.com.mx\/index.php\/wp-json\/wp\/v2\/posts\/55148","targetHints":{"allow":["GET"]}}],"collection":[{"href":"https:\/\/politicosaldesnudo.com.mx\/index.php\/wp-json\/wp\/v2\/posts"}],"about":[{"href":"https:\/\/politicosaldesnudo.com.mx\/index.php\/wp-json\/wp\/v2\/types\/post"}],"author":[{"embeddable":true,"href":"https:\/\/politicosaldesnudo.com.mx\/index.php\/wp-json\/wp\/v2\/users\/4"}],"replies":[{"embeddable":true,"href":"https:\/\/politicosaldesnudo.com.mx\/index.php\/wp-json\/wp\/v2\/comments?post=55148"}],"version-history":[{"count":0,"href":"https:\/\/politicosaldesnudo.com.mx\/index.php\/wp-json\/wp\/v2\/posts\/55148\/revisions"}],"wp:featuredmedia":[{"embeddable":true,"href":"https:\/\/politicosaldesnudo.com.mx\/index.php\/wp-json\/wp\/v2\/media\/55149"}],"wp:attachment":[{"href":"https:\/\/politicosaldesnudo.com.mx\/index.php\/wp-json\/wp\/v2\/media?parent=55148"}],"wp:term":[{"taxonomy":"category","embeddable":true,"href":"https:\/\/politicosaldesnudo.com.mx\/index.php\/wp-json\/wp\/v2\/categories?post=55148"},{"taxonomy":"post_tag","embeddable":true,"href":"https:\/\/politicosaldesnudo.com.mx\/index.php\/wp-json\/wp\/v2\/tags?post=55148"}],"curies":[{"name":"wp","href":"https:\/\/api.w.org\/{rel}","templated":true}]}}