{"id":55151,"date":"2025-01-24T00:21:58","date_gmt":"2025-01-24T06:21:58","guid":{"rendered":"https:\/\/politicosaldesnudo.com.mx\/?p=55151"},"modified":"2025-01-23T23:26:04","modified_gmt":"2025-01-24T05:26:04","slug":"los-candidatos-de-morena","status":"publish","type":"post","link":"https:\/\/politicosaldesnudo.com.mx\/index.php\/2025\/01\/24\/los-candidatos-de-morena\/","title":{"rendered":"Los candidatos de Morena"},"content":{"rendered":"<ul>\n<li style=\"font-weight: 400;\"><strong>\u00bfQui\u00e9nes tendr\u00e1n el poder de palomear la lista final?<\/strong><\/li>\n<li style=\"font-weight: 400;\"><strong>Los candidatos de Morena a ayuntamientos ser\u00e1n por encuesta: Luisa Mar\u00eda Alcalde<\/strong><\/li>\n<li style=\"font-weight: 400;\"><strong>Las luchas internas por las candidaturas pueden generar divisiones<\/strong><\/li>\n<\/ul>\n<p style=\"font-weight: 400;\"><strong>Por Miguel \u00c1ngel Cristiani G.<\/strong><\/p>\n<p style=\"font-weight: 400;\">Mucho se ha estado especulando, acerca de quienes tendr\u00e1n el poder de palomear la lista final de candidatos de MORENA a las 212 presidencias municipales en el Estado de Veracruz.<\/p>\n<p style=\"font-weight: 400;\">Que si ser\u00e1 solo decisi\u00f3n a nivel local de la dirigencia estatal.<\/p>\n<p style=\"font-weight: 400;\">Que si ser\u00e1 la gobernadora del estado Roc\u00edo Nahle Garc\u00eda.<\/p>\n<p style=\"font-weight: 400;\">Que si ser\u00e1 a nivel nacional por la directiva encabezada por Luisa Mar\u00eda Alcalde.<\/p>\n<p style=\"font-weight: 400;\">Que si ser\u00e1 el hijo del ex presidente L\u00f3pez Obrador Dany L\u00f3pez.<\/p>\n<p style=\"font-weight: 400;\">Lo que hace que cada uno de los aspirantes le vaya a rezar al santo de su devoci\u00f3n para que sean ellos los elegidos.<\/p>\n<p style=\"font-weight: 400;\">Lo cierto es que hasta ahora no hay nada definido.<\/p>\n<p style=\"font-weight: 400;\">Pero si se aplica la norma Morenista de \u201cno mentir\u201d habr\u00e1 que poner atenci\u00f3n a la entrevista que se publica hoy en un medio nacional, donde la presidenta del partido asegura que: \u201cPara las elecciones locales de Durango y Veracruz, donde el m\u00e9todo de selecci\u00f3n de los candidatos de Morena a ayuntamientos ser\u00e1 por encuesta, la presidenta nacional del partido, Luisa Mar\u00eda Alcalde, asegur\u00f3 que tienen buenas posibilidades de triunfo en ambas entidades.<\/p>\n<p style=\"font-weight: 400;\">La l\u00edder partidista asegur\u00f3 que en el caso de Durango ya se formaliz\u00f3 la alianza con el PT y Partido Verde, y lo mismo esperan que suceda en Veracruz.<\/p>\n<p style=\"font-weight: 400;\">\u201cEstamos en la selecci\u00f3n de los mejores perfiles, nuestro m\u00e9todo de selecci\u00f3n es la<\/p>\n<p style=\"font-weight: 400;\">encuesta, entonces, no nos hacemos bolas con eso, le toca a la poblaci\u00f3n decidir,<\/p>\n<p style=\"font-weight: 400;\">no a la c\u00fapula, vamos a preguntarle a la gente\u201d, indic\u00f3.<\/p>\n<p style=\"font-weight: 400;\">Alcalde asegur\u00f3 que esa es la forma m\u00e1s eficaz de conseguir el \u00e9xito en las elecciones de este a\u00f1o a nivel local, ya que as\u00ed la poblaci\u00f3n en Durango y en Veracruz \u201csabr\u00e1n qui\u00e9n es el mejor (candidato) entre sus filas\u201d.<\/p>\n<p style=\"font-weight: 400;\">La dirigente morenista precis\u00f3 que en este proceso electoral pondr\u00e1n en pr\u00e1ctica<\/p>\n<p style=\"font-weight: 400;\">la iniciativa de la presidenta Claudia Sheinbaum relativa a la reforma en contra del nepotismo, aunque esta a\u00fan no se ha encaminado al Poder Legislativo.<\/p>\n<p style=\"font-weight: 400;\">\u201cDespu\u00e9s de concluir una presidencia municipal, el partido no puede postular<\/p>\n<p style=\"font-weight: 400;\">a un familiar directo como la persona que compita por ese mismo cargo\u201d, precis\u00f3.<\/p>\n<p style=\"font-weight: 400;\">Elecci\u00f3n de Candidatos a Presidencias Municipales de MORENA en Veracruz es un Proceso Estrat\u00e9gico.<\/p>\n<p style=\"font-weight: 400;\">El partido Movimiento Regeneraci\u00f3n Nacional (MORENA) se enfrenta a un reto crucial en la selecci\u00f3n de candidatos para las presidencias municipales en Veracruz. En el estado donde la pol\u00edtica es intensamente competitiva, la elecci\u00f3n de los abanderados ser\u00e1 determinante para consolidar su presencia en el \u00e1mbito local.<\/p>\n<p style=\"font-weight: 400;\">Veracruz es un basti\u00f3n importante para MORENA, pero la reciente fragmentaci\u00f3n del voto y el surgimiento de nuevas fuerzas pol\u00edticas han puesto en jaque su dominio. La elecci\u00f3n de los candidatos debe considerar no solo la capacidad de liderazgo, sino tambi\u00e9n la conexi\u00f3n con la ciudadan\u00eda y la habilidad para gestionar los problemas locales.<\/p>\n<p style=\"font-weight: 400;\">Por eso el proceso de selecci\u00f3n de candidatos se basa en varios criterios:<\/p>\n<p style=\"font-weight: 400;\">Trayectoria: Se privilegian aquellos con experiencia en la administraci\u00f3n p\u00fablica y un historial de trabajo en sus comunidades.<\/p>\n<p style=\"font-weight: 400;\">Popularidad: Los aspirantes deben tener reconocimiento y aceptaci\u00f3n entre los votantes locales. Encuestas y sondeos jugar\u00e1n un papel clave en esta fase.<\/p>\n<p style=\"font-weight: 400;\">Compromiso Social: MORENA busca candidatos que evidencien un fuerte compromiso con las causas sociales y que sean percibidos como cercanos a las necesidades de la poblaci\u00f3n.<\/p>\n<p style=\"font-weight: 400;\">La elecci\u00f3n no estar\u00e1 exenta de desaf\u00edos. Dentro del partido, las luchas internas por las candidaturas pueden generar divisiones. Es crucial que MORENA maneje estos conflictos de manera efectiva para evitar que se traduzcan en descontento entre sus bases.<\/p>\n<p style=\"font-weight: 400;\">\u00a0El \u00e9xito de MORENA en las pr\u00f3ximas elecciones depender\u00e1 de su capacidad para elegir candidatos que no solo representen al partido, sino que tambi\u00e9n sean vistos como aut\u00e9nticos representantes del pueblo. La presi\u00f3n es alta, y el tiempo avanza r\u00e1pidamente.<\/p>\n<p style=\"font-weight: 400;\">La elecci\u00f3n de candidatos a las presidencias municipales en Veracruz es un proceso decisivo para MORENA. Con un enfoque claro en la trayectoria, la popularidad y el compromiso social, el partido tiene la oportunidad de reafirmar su liderazgo en el estado. Sin embargo, la gesti\u00f3n de sus propios desaf\u00edos internos ser\u00e1 fundamental para asegurar un resultado favorable en las pr\u00f3ximas elecciones.<\/p>\n<p style=\"font-weight: 400;\">Para m\u00e1s informaci\u00f3n consulta nuestra p\u00e1gina\u00a0<a href=\"https:\/\/www.xn--bitacoraspolticas-ovb.com\/\" data-saferedirecturl=\"https:\/\/www.google.com\/url?q=https:\/\/www.xn--bitacoraspolticas-ovb.com\/&amp;source=gmail&amp;ust=1737781549766000&amp;usg=AOvVaw3Y0ucee8RL7gHp8LQcPZGj\">https:\/\/www.xn--bitacoraspolticas-ovb.com\/<\/a><\/p>\n<p><img data-recalc-dims=\"1\" loading=\"lazy\" decoding=\"async\" class=\"aligncenter size-full wp-image-55074\" src=\"https:\/\/i0.wp.com\/politicosaldesnudo.com.mx\/wp-content\/uploads\/2025\/01\/FIRMA-EDITORIAL-PD-5.jpg?resize=800%2C98&#038;ssl=1\" alt=\"\" width=\"800\" height=\"98\" srcset=\"https:\/\/i0.wp.com\/politicosaldesnudo.com.mx\/wp-content\/uploads\/2025\/01\/FIRMA-EDITORIAL-PD-5.jpg?w=1024&amp;ssl=1 1024w, https:\/\/i0.wp.com\/politicosaldesnudo.com.mx\/wp-content\/uploads\/2025\/01\/FIRMA-EDITORIAL-PD-5.jpg?resize=300%2C37&amp;ssl=1 300w, https:\/\/i0.wp.com\/politicosaldesnudo.com.mx\/wp-content\/uploads\/2025\/01\/FIRMA-EDITORIAL-PD-5.jpg?resize=768%2C94&amp;ssl=1 768w\" sizes=\"auto, (max-width: 800px) 100vw, 800px\" \/><\/p>\n","protected":false},"excerpt":{"rendered":"<p>\u00bfQui\u00e9nes tendr\u00e1n el poder de palomear la lista final? Los candidatos de Morena a ayuntamientos ser\u00e1n por encuesta: Luisa Mar\u00eda<\/p>\n","protected":false},"author":4,"featured_media":46060,"comment_status":"closed","ping_status":"closed","sticky":false,"template":"","format":"standard","meta":{"colormag_page_container_layout":"default_layout","colormag_page_sidebar_layout":"default_layout","_jetpack_memberships_contains_paid_content":false,"footnotes":"","jetpack_publicize_message":"","jetpack_publicize_feature_enabled":true,"jetpack_social_post_already_shared":false,"jetpack_social_options":{"image_generator_settings":{"template":"highway","default_image_id":0,"font":"","enabled":false},"version":2}},"categories":[26],"tags":[],"class_list":["post-55151","post","type-post","status-publish","format-standard","has-post-thumbnail","hentry","category-columnistas"],"jetpack_publicize_connections":[],"jetpack_featured_media_url":"https:\/\/i0.wp.com\/politicosaldesnudo.com.mx\/wp-content\/uploads\/2024\/09\/CRISTIANI-2.jpg?fit=800%2C445&ssl=1","jetpack-related-posts":[],"jetpack_sharing_enabled":true,"_links":{"self":[{"href":"https:\/\/politicosaldesnudo.com.mx\/index.php\/wp-json\/wp\/v2\/posts\/55151","targetHints":{"allow":["GET"]}}],"collection":[{"href":"https:\/\/politicosaldesnudo.com.mx\/index.php\/wp-json\/wp\/v2\/posts"}],"about":[{"href":"https:\/\/politicosaldesnudo.com.mx\/index.php\/wp-json\/wp\/v2\/types\/post"}],"author":[{"embeddable":true,"href":"https:\/\/politicosaldesnudo.com.mx\/index.php\/wp-json\/wp\/v2\/users\/4"}],"replies":[{"embeddable":true,"href":"https:\/\/politicosaldesnudo.com.mx\/index.php\/wp-json\/wp\/v2\/comments?post=55151"}],"version-history":[{"count":0,"href":"https:\/\/politicosaldesnudo.com.mx\/index.php\/wp-json\/wp\/v2\/posts\/55151\/revisions"}],"wp:featuredmedia":[{"embeddable":true,"href":"https:\/\/politicosaldesnudo.com.mx\/index.php\/wp-json\/wp\/v2\/media\/46060"}],"wp:attachment":[{"href":"https:\/\/politicosaldesnudo.com.mx\/index.php\/wp-json\/wp\/v2\/media?parent=55151"}],"wp:term":[{"taxonomy":"category","embeddable":true,"href":"https:\/\/politicosaldesnudo.com.mx\/index.php\/wp-json\/wp\/v2\/categories?post=55151"},{"taxonomy":"post_tag","embeddable":true,"href":"https:\/\/politicosaldesnudo.com.mx\/index.php\/wp-json\/wp\/v2\/tags?post=55151"}],"curies":[{"name":"wp","href":"https:\/\/api.w.org\/{rel}","templated":true}]}}