{"id":55180,"date":"2025-01-25T00:08:02","date_gmt":"2025-01-25T06:08:02","guid":{"rendered":"https:\/\/politicosaldesnudo.com.mx\/?p=55180"},"modified":"2025-01-24T22:48:30","modified_gmt":"2025-01-25T04:48:30","slug":"recibiran-mexicanos-repatriados-de-eu-atencion-medica-en-el-imss","status":"publish","type":"post","link":"https:\/\/politicosaldesnudo.com.mx\/index.php\/2025\/01\/25\/recibiran-mexicanos-repatriados-de-eu-atencion-medica-en-el-imss\/","title":{"rendered":"Recibir\u00e1n mexicanos repatriados de EU atenci\u00f3n m\u00e9dica en el IMSS"},"content":{"rendered":"<p class=\"western\">Al advertir que podr\u00eda haber repatriaciones masivas, los mexicanos en esa circunstancia y sus beneficiarios legales recibir\u00e1n atenci\u00f3n m\u00e9dica en el Instituto Mexicano del Seguro Social (IMSS); el beneficio ser\u00e1 por tres meses.<\/p>\n<p class=\"western\">Este decreto presidencial fue publicado en edici\u00f3n vespertina del Diario Oficial de la Federaci\u00f3n y entra en vigor este s\u00e1bado; en los 15 d\u00edas siguientes, el IMSS emitir\u00e1 las reglas para el otorgamiento de estas prestaciones en especie, en favor de personas repatriadas de Estados Unidos.<\/p>\n<p class=\"western\">\u201cSe incorporan, por razones humanitarias y de solidaridad social, a las personas mexicanas que sean repatriadas de los Estados Unidos de Am\u00e9rica y a sus beneficiarios legales al r\u00e9gimen obligatorio del IMSS\u201d, se indica en el documento firmado esta semana por la Presidenta Claudia Sheinbaum.<\/p>\n<p class=\"western\">Las prestaciones en especie del seguro de enfermedades y maternidad, materia del decreto, incluyen la asistencia m\u00e9dico-quir\u00fargica, farmac\u00e9utica, hospitalaria y obst\u00e9trica.<\/p>\n<p class=\"western\">En coordinaci\u00f3n con el Instituto Nacional de Migraci\u00f3n, el IMSS deber\u00e1 identificar a los repatriados y financiar este apoyo, cuyo objetivo es colaborar para un retorno ordenado, en condiciones dignas y salubres.<\/p>\n<p class=\"western\">\u201cEs necesario garantizar el acceso a las prestaciones de seguridad social a aquellas personas que retornen a M\u00e9xico, derivado de las pol\u00edticas migratorias que emprenda el gobierno de los Estados Unidos de Am\u00e9rica, para propiciar su integraci\u00f3n a nuestro pa\u00eds\u201d, se menciona en los fundamentos del decreto .<\/p>\n","protected":false},"excerpt":{"rendered":"<p>Al advertir que podr\u00eda haber repatriaciones masivas, los mexicanos en esa circunstancia y sus beneficiarios legales recibir\u00e1n atenci\u00f3n m\u00e9dica en<\/p>\n","protected":false},"author":4,"featured_media":55181,"comment_status":"closed","ping_status":"closed","sticky":false,"template":"","format":"standard","meta":{"colormag_page_container_layout":"default_layout","colormag_page_sidebar_layout":"default_layout","_jetpack_memberships_contains_paid_content":false,"footnotes":"","jetpack_publicize_message":"","jetpack_publicize_feature_enabled":true,"jetpack_social_post_already_shared":false,"jetpack_social_options":{"image_generator_settings":{"template":"highway","default_image_id":0,"font":"","enabled":false},"version":2}},"categories":[33],"tags":[],"class_list":["post-55180","post","type-post","status-publish","format-standard","has-post-thumbnail","hentry","category-nacional"],"jetpack_publicize_connections":[],"jetpack_featured_media_url":"https:\/\/i0.wp.com\/politicosaldesnudo.com.mx\/wp-content\/uploads\/2025\/01\/AA1xBOyI.jpg?fit=768%2C512&ssl=1","jetpack-related-posts":[],"jetpack_sharing_enabled":true,"_links":{"self":[{"href":"https:\/\/politicosaldesnudo.com.mx\/index.php\/wp-json\/wp\/v2\/posts\/55180","targetHints":{"allow":["GET"]}}],"collection":[{"href":"https:\/\/politicosaldesnudo.com.mx\/index.php\/wp-json\/wp\/v2\/posts"}],"about":[{"href":"https:\/\/politicosaldesnudo.com.mx\/index.php\/wp-json\/wp\/v2\/types\/post"}],"author":[{"embeddable":true,"href":"https:\/\/politicosaldesnudo.com.mx\/index.php\/wp-json\/wp\/v2\/users\/4"}],"replies":[{"embeddable":true,"href":"https:\/\/politicosaldesnudo.com.mx\/index.php\/wp-json\/wp\/v2\/comments?post=55180"}],"version-history":[{"count":0,"href":"https:\/\/politicosaldesnudo.com.mx\/index.php\/wp-json\/wp\/v2\/posts\/55180\/revisions"}],"wp:featuredmedia":[{"embeddable":true,"href":"https:\/\/politicosaldesnudo.com.mx\/index.php\/wp-json\/wp\/v2\/media\/55181"}],"wp:attachment":[{"href":"https:\/\/politicosaldesnudo.com.mx\/index.php\/wp-json\/wp\/v2\/media?parent=55180"}],"wp:term":[{"taxonomy":"category","embeddable":true,"href":"https:\/\/politicosaldesnudo.com.mx\/index.php\/wp-json\/wp\/v2\/categories?post=55180"},{"taxonomy":"post_tag","embeddable":true,"href":"https:\/\/politicosaldesnudo.com.mx\/index.php\/wp-json\/wp\/v2\/tags?post=55180"}],"curies":[{"name":"wp","href":"https:\/\/api.w.org\/{rel}","templated":true}]}}