{"id":55192,"date":"2025-01-25T00:12:01","date_gmt":"2025-01-25T06:12:01","guid":{"rendered":"https:\/\/politicosaldesnudo.com.mx\/?p=55192"},"modified":"2025-01-24T23:07:23","modified_gmt":"2025-01-25T05:07:23","slug":"banco-de-mexico-advierte-mayores-recortes-a-tasa-de-referencia","status":"publish","type":"post","link":"https:\/\/politicosaldesnudo.com.mx\/index.php\/2025\/01\/25\/banco-de-mexico-advierte-mayores-recortes-a-tasa-de-referencia\/","title":{"rendered":"Banco de M\u00e9xico advierte mayores recortes a tasa de referencia"},"content":{"rendered":"<p>El Banco de M\u00e9xico valorar\u00e1 realizar recortes \u201cde mayor magnitud\u201d a la tasa clave que los implementados en 2024 tan pronto como en las primeras reuniones de pol\u00edtica monetaria de este a\u00f1o, de acuerdo a su programa monetario para 2025 publicado el viernes.<\/p>\n<p>Banco de M\u00e9xico (BdeM) tiene actualmente la tasa de referencia en diez por ciento, nivel al que la llev\u00f3 tras un recorte de un cuarto de punto porcentual (0.25 puntos) a mediados de diciembre, en lo que fue el quinto recorte en 2024.<\/p>\n<p>\u201cTomando en cuenta el actual panorama inflacionario y el grado de restricci\u00f3n monetaria prevaleciente, la Junta de Gobierno valorar\u00e1 llevar a cabo una calibraci\u00f3n de la postura monetaria\u201d, dijo el banco central en el documento.<\/p>\n<p>\u201cEllo podr\u00eda dar lugar, tan pronto como en las primeras reuniones del a\u00f1o, a reducciones de la tasa de referencia de una magnitud mayor a las que se implementaron en 2024\u201d, agreg\u00f3.<\/p>\n<p>El banco central, que tiene una meta de inflaci\u00f3n de tres por ciento y un rango de un punto porcentual por abajo o por arriba, explic\u00f3 que ello no significar\u00eda necesariamente que esa mayor magnitud \u201cdeba mantenerse en recortes adicionales m\u00e1s adelante en el a\u00f1o\u201d.<\/p>\n<p>A\u00f1adi\u00f3 que \u201caun con los ajustes a la baja que se lleven a cabo, en el escenario central del Instituto Central la postura monetaria permanecer\u00eda en terreno restrictivo en el a\u00f1o\u201d.<\/p>\n<p>La inflaci\u00f3n general de M\u00e9xico se moder\u00f3 en la primera quincena de enero a 3.69 por ciento a tasa anual, su menor nivel en cuatro a\u00f1os, mientras que la subyacente, considerada un mejor par\u00e1metro para medir la trayectoria de los precios porque elimina productos de alta volatilidad, aceler\u00f3 por tercera quincena seguida a 3.72 por ciento.<\/p>\n<p>Sobre la econom\u00eda, el banco central se\u00f1al\u00f3 que anticipa que se expanda a un \u201critmo moderado\u201d y estableci\u00f3 un pron\u00f3stico puntual de expansi\u00f3n de 1.2 por ciento, aunque sujeto a un \u201celevado nivel de incertidumbre\u201d.<\/p>\n<p>\u201cDe este modo, se espera que la estimaci\u00f3n puntual de la brecha del producto se ubique en terreno negativo en 2025, sin ser estad\u00edsticamente distinta de cero\u201d, destac\u00f3.<\/p>\n","protected":false},"excerpt":{"rendered":"<p>El Banco de M\u00e9xico valorar\u00e1 realizar recortes \u201cde mayor magnitud\u201d a la tasa clave que los implementados en 2024 tan<\/p>\n","protected":false},"author":4,"featured_media":55193,"comment_status":"closed","ping_status":"closed","sticky":false,"template":"","format":"standard","meta":{"colormag_page_container_layout":"default_layout","colormag_page_sidebar_layout":"default_layout","_jetpack_memberships_contains_paid_content":false,"footnotes":"","jetpack_publicize_message":"","jetpack_publicize_feature_enabled":true,"jetpack_social_post_already_shared":false,"jetpack_social_options":{"image_generator_settings":{"template":"highway","default_image_id":0,"font":"","enabled":false},"version":2}},"categories":[2050],"tags":[],"class_list":["post-55192","post","type-post","status-publish","format-standard","has-post-thumbnail","hentry","category-economia"],"jetpack_publicize_connections":[],"jetpack_featured_media_url":"https:\/\/i0.wp.com\/politicosaldesnudo.com.mx\/wp-content\/uploads\/2025\/01\/51051d4c4afd149da6f2e9983ade1aef.jpg?fit=639%2C422&ssl=1","jetpack-related-posts":[],"jetpack_sharing_enabled":true,"_links":{"self":[{"href":"https:\/\/politicosaldesnudo.com.mx\/index.php\/wp-json\/wp\/v2\/posts\/55192","targetHints":{"allow":["GET"]}}],"collection":[{"href":"https:\/\/politicosaldesnudo.com.mx\/index.php\/wp-json\/wp\/v2\/posts"}],"about":[{"href":"https:\/\/politicosaldesnudo.com.mx\/index.php\/wp-json\/wp\/v2\/types\/post"}],"author":[{"embeddable":true,"href":"https:\/\/politicosaldesnudo.com.mx\/index.php\/wp-json\/wp\/v2\/users\/4"}],"replies":[{"embeddable":true,"href":"https:\/\/politicosaldesnudo.com.mx\/index.php\/wp-json\/wp\/v2\/comments?post=55192"}],"version-history":[{"count":0,"href":"https:\/\/politicosaldesnudo.com.mx\/index.php\/wp-json\/wp\/v2\/posts\/55192\/revisions"}],"wp:featuredmedia":[{"embeddable":true,"href":"https:\/\/politicosaldesnudo.com.mx\/index.php\/wp-json\/wp\/v2\/media\/55193"}],"wp:attachment":[{"href":"https:\/\/politicosaldesnudo.com.mx\/index.php\/wp-json\/wp\/v2\/media?parent=55192"}],"wp:term":[{"taxonomy":"category","embeddable":true,"href":"https:\/\/politicosaldesnudo.com.mx\/index.php\/wp-json\/wp\/v2\/categories?post=55192"},{"taxonomy":"post_tag","embeddable":true,"href":"https:\/\/politicosaldesnudo.com.mx\/index.php\/wp-json\/wp\/v2\/tags?post=55192"}],"curies":[{"name":"wp","href":"https:\/\/api.w.org\/{rel}","templated":true}]}}