{"id":55204,"date":"2025-01-25T00:16:03","date_gmt":"2025-01-25T06:16:03","guid":{"rendered":"https:\/\/politicosaldesnudo.com.mx\/?p=55204"},"modified":"2025-01-24T23:21:27","modified_gmt":"2025-01-25T05:21:27","slug":"gobierno-de-ecatepec-habilitara-mas-albergues-para-migrantes","status":"publish","type":"post","link":"https:\/\/politicosaldesnudo.com.mx\/index.php\/2025\/01\/25\/gobierno-de-ecatepec-habilitara-mas-albergues-para-migrantes\/","title":{"rendered":"Gobierno de Ecatepec habilitar\u00e1 m\u00e1s albergues para migrantes"},"content":{"rendered":"<p><em>Ecatepec, M\u00e9x.\u00a0<\/em><\/p>\n<p>El gobierno de Ecatepec implement\u00f3 un dispositivo de apoyo a la Casa del Migrante Arc\u00e1ngel Rafael II para recibir a paisanos deportados de Estados Unidos y migrantes de otros pa\u00edses que crucen por la localidad, a los que proporcionar\u00e1 ayuda b\u00e1sica e incluso de requerirse habilitar\u00e1 albergues para su estancia temporal.<\/p>\n<p>La directora de gobierno, Araceli Cano Carrillo, explic\u00f3 que el dispositivo de apoyo contempla brindar servicios b\u00e1sicos a las personas en movilidad, as\u00ed como suministrar agua y recolectar basura en la Casa del Migrante Arc\u00e1ngel Rafael 2, en San Pedro Xalostoc.<\/p>\n<p>\u201cEstamos ya haciendo un operativo para recibir a las personas deportadas, pero tambi\u00e9n para atender a los migrantes que ya tenemos en este momento en el municipio. Ecatepec se ha convertido, m\u00e1s que un municipio de paso, en un lugar donde la gente se queda y busca oportunidades\u201d, dijo.<\/p>\n<p>Destac\u00f3 que de entrada establecer\u00e1n coordinaci\u00f3n con la Di\u00f3cesis de Ecatepec y la citada Casa del Migrante, a la que suministraron 10 mil litros de agua y ayudan tambi\u00e9n con la recolecci\u00f3n de basura, para brindar mejor atenci\u00f3n a sus ocupantes.<\/p>\n<p>Agreg\u00f3 que en caso de que se rebase el cupo de la Casa del Migrante, el gobierno de Ecatepec proyecta la habilitaci\u00f3n de albergues, que contar\u00e1n con servicios b\u00e1sicos como alimentaci\u00f3n, distribuci\u00f3n de despensas a las familias, atenci\u00f3n m\u00e9dica e incluso actividades de recreaci\u00f3n y cultura.<\/p>\n<p>\u201cEn caso de que se rebase es el operativo que planteamos, tiene que ver con toda una relaci\u00f3n que tenemos de lugares para habilitarlos como albergues, de tambi\u00e9n todo un operativo en el sentido de buscar lo b\u00e1sico para la gente en movilidad, para los migrantes, que podr\u00eda ser la alimentaci\u00f3n, el tema de algunas despensas a las familias, porque vienen algunos en familia, y lo b\u00e1sico para atender tambi\u00e9n a las ni\u00f1as y ni\u00f1os que vienen en estas caravanas\u201d.<\/p>\n<p>Prudencio Ram\u00edrez Carrillo, coordinador de la Casa del Migrante Arc\u00e1ngel Rafael II, mencion\u00f3 que el lugar tiene cupo para 120 personas, pero en caso de ser necesario habilitar\u00e1n espacios comunes para recibir hasta a 180.<\/p>\n<p>La Casa del Migrante est\u00e1 a cargo de la Congregaci\u00f3n de los Misioneros de San Carlos \u2013 Scalabrinianos, comunidad misionera con presencia en 37 pa\u00edses dedicada sobre todo a atender la migraci\u00f3n: inmigrantes, emigrantes, retornados, desplazados internos, refugiados y deportados.<\/p>\n<p>Manifest\u00f3 que en este momento albergan a 70 migrantes de Venezuela, Guatemala, Ecuador, Honduras, Brasil y Argentina.<\/p>\n<p>Esta semana la Casa registr\u00f3 mayor flujo de migrantes, por lo que prev\u00e9 que en los pr\u00f3ximos d\u00edas crezca la afluencia.<\/p>\n<p>Ram\u00edrez Carrillo invit\u00f3 a habitantes de Ecatepec a conocer la Casa del Migrante, ubicada en avenida Vicente Lombardo Toledano 82, colonia San Pedro Xalostoc, quienes pueden realizar donaciones de zapatos \u2013sobre todo tenis-, ropa y alimentos no perecederos.<\/p>\n","protected":false},"excerpt":{"rendered":"<p>Ecatepec, M\u00e9x.\u00a0 El gobierno de Ecatepec implement\u00f3 un dispositivo de apoyo a la Casa del Migrante Arc\u00e1ngel Rafael II para<\/p>\n","protected":false},"author":4,"featured_media":55205,"comment_status":"closed","ping_status":"closed","sticky":false,"template":"","format":"standard","meta":{"colormag_page_container_layout":"default_layout","colormag_page_sidebar_layout":"default_layout","_jetpack_memberships_contains_paid_content":false,"footnotes":"","jetpack_publicize_message":"","jetpack_publicize_feature_enabled":true,"jetpack_social_post_already_shared":false,"jetpack_social_options":{"image_generator_settings":{"template":"highway","default_image_id":0,"font":"","enabled":false},"version":2}},"categories":[30],"tags":[],"class_list":["post-55204","post","type-post","status-publish","format-standard","has-post-thumbnail","hentry","category-estados"],"jetpack_publicize_connections":[],"jetpack_featured_media_url":"https:\/\/i0.wp.com\/politicosaldesnudo.com.mx\/wp-content\/uploads\/2025\/01\/albergue.jpg2_.jpg?fit=700%2C464&ssl=1","jetpack-related-posts":[],"jetpack_sharing_enabled":true,"_links":{"self":[{"href":"https:\/\/politicosaldesnudo.com.mx\/index.php\/wp-json\/wp\/v2\/posts\/55204","targetHints":{"allow":["GET"]}}],"collection":[{"href":"https:\/\/politicosaldesnudo.com.mx\/index.php\/wp-json\/wp\/v2\/posts"}],"about":[{"href":"https:\/\/politicosaldesnudo.com.mx\/index.php\/wp-json\/wp\/v2\/types\/post"}],"author":[{"embeddable":true,"href":"https:\/\/politicosaldesnudo.com.mx\/index.php\/wp-json\/wp\/v2\/users\/4"}],"replies":[{"embeddable":true,"href":"https:\/\/politicosaldesnudo.com.mx\/index.php\/wp-json\/wp\/v2\/comments?post=55204"}],"version-history":[{"count":0,"href":"https:\/\/politicosaldesnudo.com.mx\/index.php\/wp-json\/wp\/v2\/posts\/55204\/revisions"}],"wp:featuredmedia":[{"embeddable":true,"href":"https:\/\/politicosaldesnudo.com.mx\/index.php\/wp-json\/wp\/v2\/media\/55205"}],"wp:attachment":[{"href":"https:\/\/politicosaldesnudo.com.mx\/index.php\/wp-json\/wp\/v2\/media?parent=55204"}],"wp:term":[{"taxonomy":"category","embeddable":true,"href":"https:\/\/politicosaldesnudo.com.mx\/index.php\/wp-json\/wp\/v2\/categories?post=55204"},{"taxonomy":"post_tag","embeddable":true,"href":"https:\/\/politicosaldesnudo.com.mx\/index.php\/wp-json\/wp\/v2\/tags?post=55204"}],"curies":[{"name":"wp","href":"https:\/\/api.w.org\/{rel}","templated":true}]}}