{"id":55207,"date":"2025-01-25T00:17:10","date_gmt":"2025-01-25T06:17:10","guid":{"rendered":"https:\/\/politicosaldesnudo.com.mx\/?p=55207"},"modified":"2025-01-24T23:25:23","modified_gmt":"2025-01-25T05:25:23","slug":"integra-trump-a-la-dea-a-la-caza-de-migrantes","status":"publish","type":"post","link":"https:\/\/politicosaldesnudo.com.mx\/index.php\/2025\/01\/25\/integra-trump-a-la-dea-a-la-caza-de-migrantes\/","title":{"rendered":"Integra Trump a la DEA a la &#8216;caza&#8217; de migrantes"},"content":{"rendered":"<p class=\"s-s\">El presidente de Estados Unidos, Donald Trump, extendi\u00f3 el poder de deportaci\u00f3n a los agentes federales fuera del Departamento de Seguridad Nacional (DHS, por sus siglas en ingl\u00e9s), a fin de integrar a la\u00a0<em>caza\u00a0<\/em>de indocumentados a elementos de la agencia antidrogas (DEA, por sus siglas en ingl\u00e9s), entre otras fuerzas del orden p\u00fablico, mientras un juez federal suspendi\u00f3 la orden ejecutiva firmada por el mandatario que elimina el derecho a la ciudadan\u00eda por nacimiento en Estados Unidos.<\/p>\n<p>El secretario interino de Seguridad Nacional, Benjamine Huffman, emiti\u00f3 una directiva que otorga la autoridad para investigar y detener a\u00a0<q>extranjeros ilegales<\/q>\u00a0a diversas agencias del Departamento de Justicia, incluyendo la DEA, la Oficina de Alcohol, Tabaco y Armas de Fuego (ATF, por sus siglas en ingl\u00e9s), el Servicio de Alguaciles y la Oficina Federal de Prisiones.<\/p>\n<p>En tanto, un juez federal de Seattle bloque\u00f3 de manera temporal la orden que elimina el derecho a la ciudadan\u00eda por nacimiento en Estados Unidos por considerarla\u00a0<q>descaradamente inconstitucional<\/q>.<\/p>\n<p>El impartidor de justicia de distrito John C. Coughenour orden\u00f3 impedir su implementaci\u00f3n durante un periodo de dos semanas mientras se realizan nuevas reuniones al respecto, tras acceder a una solicitud que presentaron varios fiscales estatales dem\u00f3cratas en el inicio de lo que se anticipa ser\u00e1 una larga batalla judicial.<\/p>\n<p>En respuesta, el magnate expuso que\u00a0<q>no se trata de ninguna sorpresa con ese juez<\/q>\u00a0y asegur\u00f3 que impugnar\u00e1 la decisi\u00f3n.<\/p>\n<p>El caso es una de cinco demandas presentadas por 22 estados y varias agrupaciones de migrantes en el pa\u00eds. Los litigios incluyen testimonios personales de varios fiscales que son ciudadanos estadunidenses por nacimiento, y de mujeres embarazadas que temen que sus beb\u00e9s no tendr\u00e1n la ciudadan\u00eda estadunidenses.<\/p>\n<p>Fiscales de 11 estados advirtieron que no permitir\u00e1n que su administraci\u00f3n utilice recursos estatales para llevar a cabo deportaciones masivas, tras se\u00f1alar que el mandatario \u201cno puede rescribir de manera unilateral la Constituci\u00f3n.<\/p>\n<p><q>El equilibrio de poderes entre el gobierno federal y los estados es una piedra angular del sistema federal estadunidense<\/q>, reviraron los fiscales de Nueva York, California, Colorado, Connecticut, Illinois, Maryland, Massachusetts, Nuevo M\u00e9xico, Rhode Island y Vermont, estados que poseen ciudades santuario, a los que se sum\u00f3 Haw\u00e1i, en un escrito hecho p\u00fablico ayer.<\/p>\n","protected":false},"excerpt":{"rendered":"<p>El presidente de Estados Unidos, Donald Trump, extendi\u00f3 el poder de deportaci\u00f3n a los agentes federales fuera del Departamento de<\/p>\n","protected":false},"author":4,"featured_media":55208,"comment_status":"closed","ping_status":"closed","sticky":false,"template":"","format":"standard","meta":{"colormag_page_container_layout":"default_layout","colormag_page_sidebar_layout":"default_layout","_jetpack_memberships_contains_paid_content":false,"footnotes":"","jetpack_publicize_message":"","jetpack_publicize_feature_enabled":true,"jetpack_social_post_already_shared":false,"jetpack_social_options":{"image_generator_settings":{"template":"highway","default_image_id":0,"font":"","enabled":false},"version":2}},"categories":[28],"tags":[],"class_list":["post-55207","post","type-post","status-publish","format-standard","has-post-thumbnail","hentry","category-internacional"],"jetpack_publicize_connections":[],"jetpack_featured_media_url":"https:\/\/i0.wp.com\/politicosaldesnudo.com.mx\/wp-content\/uploads\/2025\/01\/foto_ap_ben_curtis.jpg?fit=1440%2C810&ssl=1","jetpack-related-posts":[],"jetpack_sharing_enabled":true,"_links":{"self":[{"href":"https:\/\/politicosaldesnudo.com.mx\/index.php\/wp-json\/wp\/v2\/posts\/55207","targetHints":{"allow":["GET"]}}],"collection":[{"href":"https:\/\/politicosaldesnudo.com.mx\/index.php\/wp-json\/wp\/v2\/posts"}],"about":[{"href":"https:\/\/politicosaldesnudo.com.mx\/index.php\/wp-json\/wp\/v2\/types\/post"}],"author":[{"embeddable":true,"href":"https:\/\/politicosaldesnudo.com.mx\/index.php\/wp-json\/wp\/v2\/users\/4"}],"replies":[{"embeddable":true,"href":"https:\/\/politicosaldesnudo.com.mx\/index.php\/wp-json\/wp\/v2\/comments?post=55207"}],"version-history":[{"count":0,"href":"https:\/\/politicosaldesnudo.com.mx\/index.php\/wp-json\/wp\/v2\/posts\/55207\/revisions"}],"wp:featuredmedia":[{"embeddable":true,"href":"https:\/\/politicosaldesnudo.com.mx\/index.php\/wp-json\/wp\/v2\/media\/55208"}],"wp:attachment":[{"href":"https:\/\/politicosaldesnudo.com.mx\/index.php\/wp-json\/wp\/v2\/media?parent=55207"}],"wp:term":[{"taxonomy":"category","embeddable":true,"href":"https:\/\/politicosaldesnudo.com.mx\/index.php\/wp-json\/wp\/v2\/categories?post=55207"},{"taxonomy":"post_tag","embeddable":true,"href":"https:\/\/politicosaldesnudo.com.mx\/index.php\/wp-json\/wp\/v2\/tags?post=55207"}],"curies":[{"name":"wp","href":"https:\/\/api.w.org\/{rel}","templated":true}]}}