{"id":55228,"date":"2025-01-26T00:02:38","date_gmt":"2025-01-26T06:02:38","guid":{"rendered":"https:\/\/politicosaldesnudo.com.mx\/?p=55228"},"modified":"2025-01-25T21:13:55","modified_gmt":"2025-01-26T03:13:55","slug":"cursos-de-actualizacion-educativa","status":"publish","type":"post","link":"https:\/\/politicosaldesnudo.com.mx\/index.php\/2025\/01\/26\/cursos-de-actualizacion-educativa\/","title":{"rendered":"Cursos de actualizaci\u00f3n educativa"},"content":{"rendered":"<p>Con el objetivo de fortalecer sus habilidades pedag\u00f3gicas y actualizarse en las nuevas estrategias educativas, docentes de Telebachillerato de la zona Tuxpan participar\u00e1n en una serie de cursos de actualizaci\u00f3n rumbo al pr\u00f3ximo semestre del presente ciclo escolar denominado \u201cTransversalidad did\u00e1ctica en los aprendizajes significativos\u201d.<\/p>\n<p>De acuerdo con las autoridades educativas, estas capacitaciones abarcar\u00e1n diversos temas clave como el uso de herramientas tecnol\u00f3gicas en el aula, la implementaci\u00f3n del nuevo modelo educativo, as\u00ed como estrategias para mejorar el aprendizaje de los estudiantes.<\/p>\n<p>Los cursos se llevar\u00e1n a cabo en modalidad presencial permitiendo a los docentes acceder a contenidos de vanguardia.<br \/>\nLas autoridades exhortaron a los docentes a aprovechar estas oportunidades de capacitaci\u00f3n para continuar brindando una educaci\u00f3n de calidad a los tuxpe\u00f1os, resaltando la importancia de la constante actualizaci\u00f3n en un entorno educativo en constante evoluci\u00f3n.<\/p>\n<p>Se espera que estas capacitaciones contribuyan a elevar el nivel acad\u00e9mico de los telebachilleratos de la regi\u00f3n y a consolidar el compromiso de los docentes con la mejora continua del sistema educativo.<\/p>\n","protected":false},"excerpt":{"rendered":"<p>Con el objetivo de fortalecer sus habilidades pedag\u00f3gicas y actualizarse en las nuevas estrategias educativas, docentes de Telebachillerato de la<\/p>\n","protected":false},"author":4,"featured_media":55230,"comment_status":"closed","ping_status":"closed","sticky":false,"template":"","format":"standard","meta":{"colormag_page_container_layout":"default_layout","colormag_page_sidebar_layout":"default_layout","_jetpack_memberships_contains_paid_content":false,"footnotes":"","jetpack_publicize_message":"","jetpack_publicize_feature_enabled":true,"jetpack_social_post_already_shared":false,"jetpack_social_options":{"image_generator_settings":{"template":"highway","default_image_id":0,"font":"","enabled":false},"version":2}},"categories":[1082],"tags":[],"class_list":["post-55228","post","type-post","status-publish","format-standard","has-post-thumbnail","hentry","category-tuxpan"],"jetpack_publicize_connections":[],"jetpack_featured_media_url":"https:\/\/i0.wp.com\/politicosaldesnudo.com.mx\/wp-content\/uploads\/2025\/01\/que-es-la-capacitacion-docente-1024x683-1.jpg?fit=1024%2C683&ssl=1","jetpack-related-posts":[],"jetpack_sharing_enabled":true,"_links":{"self":[{"href":"https:\/\/politicosaldesnudo.com.mx\/index.php\/wp-json\/wp\/v2\/posts\/55228","targetHints":{"allow":["GET"]}}],"collection":[{"href":"https:\/\/politicosaldesnudo.com.mx\/index.php\/wp-json\/wp\/v2\/posts"}],"about":[{"href":"https:\/\/politicosaldesnudo.com.mx\/index.php\/wp-json\/wp\/v2\/types\/post"}],"author":[{"embeddable":true,"href":"https:\/\/politicosaldesnudo.com.mx\/index.php\/wp-json\/wp\/v2\/users\/4"}],"replies":[{"embeddable":true,"href":"https:\/\/politicosaldesnudo.com.mx\/index.php\/wp-json\/wp\/v2\/comments?post=55228"}],"version-history":[{"count":0,"href":"https:\/\/politicosaldesnudo.com.mx\/index.php\/wp-json\/wp\/v2\/posts\/55228\/revisions"}],"wp:featuredmedia":[{"embeddable":true,"href":"https:\/\/politicosaldesnudo.com.mx\/index.php\/wp-json\/wp\/v2\/media\/55230"}],"wp:attachment":[{"href":"https:\/\/politicosaldesnudo.com.mx\/index.php\/wp-json\/wp\/v2\/media?parent=55228"}],"wp:term":[{"taxonomy":"category","embeddable":true,"href":"https:\/\/politicosaldesnudo.com.mx\/index.php\/wp-json\/wp\/v2\/categories?post=55228"},{"taxonomy":"post_tag","embeddable":true,"href":"https:\/\/politicosaldesnudo.com.mx\/index.php\/wp-json\/wp\/v2\/tags?post=55228"}],"curies":[{"name":"wp","href":"https:\/\/api.w.org\/{rel}","templated":true}]}}