{"id":5524,"date":"2022-05-19T18:33:09","date_gmt":"2022-05-19T23:33:09","guid":{"rendered":"https:\/\/politicosaldesnudo.com.mx\/?p=5524"},"modified":"2022-05-19T18:33:09","modified_gmt":"2022-05-19T23:33:09","slug":"tepjf-valida-expulsion-de-quirino-ordaz-del-pri","status":"publish","type":"post","link":"https:\/\/politicosaldesnudo.com.mx\/index.php\/2022\/05\/19\/tepjf-valida-expulsion-de-quirino-ordaz-del-pri\/","title":{"rendered":"TEPJF valida expulsi\u00f3n de Quirino Ordaz del PRI"},"content":{"rendered":"<p class=\"p1\"><span style=\"font-size: 14pt;\"><em><strong>Ciudad de M\u00e9xico.<\/strong> <\/em>El <strong>Tribunal Electoral del Poder Judicial de la Federaci\u00f3n<\/strong> (TEPJF) <strong>resolvi\u00f3 la validaci\u00f3n de expulsar a Quirino Ordaz Coppel de las filas del Partido Revolucionario Institucional (PRI).<\/strong><\/span><\/p>\n<p class=\"p1\"><strong><span style=\"font-size: 18pt;\">Como se hab\u00eda previsto,\u00a0Ordaz Coppel fue expulsado del PRI\u00a0debido a que acept\u00f3 ser embajador de M\u00e9xico en Espa\u00f1a, posteriormente tom\u00f3 posesi\u00f3n\u00a0el pasado 13 de abril al llegar a la ciudad de Madrid.<\/span><\/strong><\/p>\n<figure id=\"attachment_5525\" aria-describedby=\"caption-attachment-5525\" style=\"width: 800px\" class=\"wp-caption aligncenter\"><img data-recalc-dims=\"1\" loading=\"lazy\" decoding=\"async\" class=\"wp-image-5525\" src=\"https:\/\/i0.wp.com\/politicosaldesnudo.com.mx\/wp-content\/uploads\/2022\/05\/FDE1dvSXEAE5HGd.png?resize=800%2C366&#038;ssl=1\" alt=\"\" width=\"800\" height=\"366\" srcset=\"https:\/\/i0.wp.com\/politicosaldesnudo.com.mx\/wp-content\/uploads\/2022\/05\/FDE1dvSXEAE5HGd.png?w=696&amp;ssl=1 696w, https:\/\/i0.wp.com\/politicosaldesnudo.com.mx\/wp-content\/uploads\/2022\/05\/FDE1dvSXEAE5HGd.png?resize=300%2C137&amp;ssl=1 300w\" sizes=\"auto, (max-width: 800px) 100vw, 800px\" \/><figcaption id=\"caption-attachment-5525\" class=\"wp-caption-text\">El Consejo Pol\u00edtico Nacional del PRI por mayor\u00eda rechaz\u00f3 la solicitud de permiso del ex gobernador de Sinaloa.<\/figcaption><\/figure>\n<p>&nbsp;<\/p>\n<p class=\"p1\"><span style=\"font-size: 14pt;\">Por lo que el exgobernador de Sinaloa sali\u00f3 del PRI luego de\u00a0que votaran cinco votos a favor\u00a0y dos en contra el proyecto a cargo del magistrado Indalfer Infante Gonz\u00e1les,\u00a0en la Sala Superior del TEPJF.<\/span><\/p>\n<p class=\"p1\"><span style=\"font-size: 14pt;\">Sin embargo, el magistrado\u00a0Jos\u00e9 Luis Vargas Valdez,\u00a0quien vot\u00f3 en contra, asever\u00f3\u00a0que el PRI fue\u00a0quien recurri\u00f3 a una inconstitucionalidad por limitar a Ordaz Coppel a su derecho constitucional de ejercer un cargo p\u00fablico.<\/span><\/p>\n<p class=\"p1\"><span style=\"font-size: 18pt;\"><strong>\u201cEl derecho a ocupar un cargo p\u00fablico\u00a0no podr\u00eda restringirse mediante una disposici\u00f3n normativa\u00a0de menor nivel como es el estatuto de un partido pol\u00edtico (\u2026) Me parece que los cargos,\u00a0en este caso, pues una vez que son aceptados\u00a0o concedidos en nada implica alguna especie de deslealtad a alg\u00fan partido pol\u00edtico\u201d, asever\u00f3 el magistrado.<\/strong><\/span><\/p>\n<p class=\"p1\"><span style=\"font-size: 14pt;\">El segundo voto en contra estuvo a cargo de la magistrada\u00a0M\u00f3nica Aral\u00ed Soto Fregoso,\u00a0quien asever\u00f3 que los estatutos del\u00a0Revolucionario Institucional\u00a0limitan los derechos pol\u00edticos electorales.<\/span><\/p>\n<p class=\"p1\"><span style=\"font-size: 18pt;\"><strong>\u201cRestringen excesivamente los\u00a0derechos de afiliaci\u00f3n de libre asociaci\u00f3n\u00a0y tambi\u00e9n los derechos pol\u00edticos electorales y de la funci\u00f3n p\u00fablica establecidos en la constituci\u00f3n\u201d, asever\u00f3.<\/strong><\/span><\/p>\n<p class=\"p1\"><span style=\"font-size: 14pt;\">Por su parte, el magistrado\u00a0Infante Gonz\u00e1les\u00a0afirm\u00f3 que las restricciones y estatutos del\u00a0PRI est\u00e1n previstas en la ley,\u00a0por lo que el partido no incurri\u00f3 en ninguna inconstitucionalidad.<\/span><\/p>\n<p class=\"p1\"><span style=\"font-size: 18pt;\"><strong>\u201cLos partidos pol\u00edticos tienen que cuidar que su ideolog\u00eda, que sus actos no se vean distorsionados por ciertos actos o hechos de sus militantes o sus dirigentes\u201d, sostuvo.<\/strong><\/span><\/p>\n<p>&nbsp;<\/p>\n<p>&nbsp;<\/p>\n<p>&nbsp;<\/p>\n<p>&nbsp;<\/p>\n","protected":false},"excerpt":{"rendered":"<p>Ciudad de M\u00e9xico. El Tribunal Electoral del Poder Judicial de la Federaci\u00f3n (TEPJF) resolvi\u00f3 la validaci\u00f3n de expulsar a Quirino<\/p>\n","protected":false},"author":4,"featured_media":5526,"comment_status":"closed","ping_status":"closed","sticky":false,"template":"","format":"standard","meta":{"colormag_page_container_layout":"default_layout","colormag_page_sidebar_layout":"default_layout","_jetpack_memberships_contains_paid_content":false,"footnotes":"","jetpack_publicize_message":"","jetpack_publicize_feature_enabled":true,"jetpack_social_post_already_shared":true,"jetpack_social_options":{"image_generator_settings":{"template":"highway","default_image_id":0,"font":"","enabled":false},"version":2}},"categories":[33],"tags":[226,781],"class_list":["post-5524","post","type-post","status-publish","format-standard","has-post-thumbnail","hentry","category-nacional","tag-pri","tag-quirino-ordaz"],"jetpack_publicize_connections":[],"jetpack_featured_media_url":"https:\/\/i0.wp.com\/politicosaldesnudo.com.mx\/wp-content\/uploads\/2022\/05\/FSlrqnaUEAAzoc4.jpeg?fit=1170%2C600&ssl=1","jetpack-related-posts":[],"jetpack_sharing_enabled":true,"_links":{"self":[{"href":"https:\/\/politicosaldesnudo.com.mx\/index.php\/wp-json\/wp\/v2\/posts\/5524","targetHints":{"allow":["GET"]}}],"collection":[{"href":"https:\/\/politicosaldesnudo.com.mx\/index.php\/wp-json\/wp\/v2\/posts"}],"about":[{"href":"https:\/\/politicosaldesnudo.com.mx\/index.php\/wp-json\/wp\/v2\/types\/post"}],"author":[{"embeddable":true,"href":"https:\/\/politicosaldesnudo.com.mx\/index.php\/wp-json\/wp\/v2\/users\/4"}],"replies":[{"embeddable":true,"href":"https:\/\/politicosaldesnudo.com.mx\/index.php\/wp-json\/wp\/v2\/comments?post=5524"}],"version-history":[{"count":0,"href":"https:\/\/politicosaldesnudo.com.mx\/index.php\/wp-json\/wp\/v2\/posts\/5524\/revisions"}],"wp:featuredmedia":[{"embeddable":true,"href":"https:\/\/politicosaldesnudo.com.mx\/index.php\/wp-json\/wp\/v2\/media\/5526"}],"wp:attachment":[{"href":"https:\/\/politicosaldesnudo.com.mx\/index.php\/wp-json\/wp\/v2\/media?parent=5524"}],"wp:term":[{"taxonomy":"category","embeddable":true,"href":"https:\/\/politicosaldesnudo.com.mx\/index.php\/wp-json\/wp\/v2\/categories?post=5524"},{"taxonomy":"post_tag","embeddable":true,"href":"https:\/\/politicosaldesnudo.com.mx\/index.php\/wp-json\/wp\/v2\/tags?post=5524"}],"curies":[{"name":"wp","href":"https:\/\/api.w.org\/{rel}","templated":true}]}}