{"id":55353,"date":"2025-01-27T00:30:53","date_gmt":"2025-01-27T06:30:53","guid":{"rendered":"https:\/\/politicosaldesnudo.com.mx\/?p=55353"},"modified":"2025-01-27T00:30:53","modified_gmt":"2025-01-27T06:30:53","slug":"los-extranos-accidentes-en-el-fresno","status":"publish","type":"post","link":"https:\/\/politicosaldesnudo.com.mx\/index.php\/2025\/01\/27\/los-extranos-accidentes-en-el-fresno\/","title":{"rendered":"Los extra\u00f1os accidentes en El Fresno"},"content":{"rendered":"<p><em>\u201cLa paz comienza en el interior de los corazones.\u201d \u2013 Pablo VI.<\/em><\/p>\n<p><strong>\u00a0<\/strong><strong>Reportes de conductores y de transportistas afirman que algo extra\u00f1o sucede en la regi\u00f3n colindante con el Libramiento de Xalapa a la altura de la comunidad El Fresno, en donde a \u00faltimas fechas han ocurrido muy graves accidentes automovil\u00edsticos que han cobrado la vida de personas inocentes. <a href=\"https:\/\/imagendelgolfo.mx\/policiaca\/tragica-volcadura-en-libramiento-xalapa-perote-deja-dos-fallecidos-eran-padre-e-hijo--\/50627504\">https:\/\/imagendelgolfo.mx\/policiaca\/tragica-volcadura-en-libramiento-xalapa-perote-deja-dos-fallecidos-eran-padre-e-hijo&#8211;\/50627504<\/a><\/strong><\/p>\n<p><strong><a href=\"https:\/\/www.facebook.com\/story.php?story_fbid=1158733052284185&amp;id=100044425030054\">https:\/\/www.facebook.com\/story.php?story_fbid=1158733052284185&amp;id=100044425030054<\/a><\/strong><\/p>\n<p><strong>La mayor\u00eda de los mismos afirman que al llegar a ese punto, la carretera se torna resbaladiza y ante la velocidad con que transitan las unidades regularmente de carga, estas han perdido el control de los pesados remolques provocando los fatales accidentes antes mencionados.<\/strong><\/p>\n<p><strong>El patr\u00f3n criminal contin\u00faa con la extra\u00f1a aparici\u00f3n de habitantes de la poblaci\u00f3n que saquean al tracto cami\u00f3n siniestrado para robarle sus mercanc\u00edas, haciendo c\u00f3mplices del presunto crimen a todos los pobladores, que en un vil robo acuden a rapi\u00f1ar la carga del mismo para despu\u00e9s almacenarlo en alguna bodega, venderlo, o llev\u00e1rselo para su consumo.<\/strong><\/p>\n<p><strong>Hemos podido saber de fuentes bien informadas que hay de 3 a 4 personas en la \u201ccaseta de cobro\u201d esperando que cami\u00f3n o tr\u00e1iler pase con cargamento, de preferencia con art\u00edculos dom\u00e9sticos, electr\u00f3nicos, l\u00e1minas, animales, etc.<\/strong><\/p>\n<p><strong>Inmediatamente despu\u00e9s dan aviso a los grupos de personas que se encuentran por esa Localidad, \u201cEl Fresno\u201d para comenzar a regar di\u00e9sel en la carpeta de rodamiento \u2013concreto hidr\u00e1ulico- para que este se vuelva resbaladizo y la unidad que viene bajando pierda el control y se volte\u00e9.<\/strong><\/p>\n<p><strong>Para en segundos ser saqueadas por personas de la comunidad que comienzan a extraer las mercanc\u00edas incluso de contenedores que vienen debidamente cerrados.<\/strong><\/p>\n<p><strong>Los rumores de que estas acciones pudieran estar orquestadas por grupos que cuentan con la protecci\u00f3n de algunas autoridades de municipios aleda\u00f1os, crece, pues algunos de ellos pertenecientes en su momento al PRI comienzan analizar la posibilidad emprender su tr\u00e1nsito a otros partidos pol\u00edticos al ver que la fuente de financiamiento y de poder se les agota.<\/strong><\/p>\n<p><strong>Es urgente que la Secretar\u00eda de Seguridad P\u00fablica (SSP) desarrolle un fuerte operativo para que junto con la Guardia Nacional identifique a esas personas que hacen este tipo de acciones que ya han cobrado varias vidas.<\/strong><\/p>\n<p><strong>\u00a0<\/strong><strong>Al tiempo.<\/strong><\/p>\n<p><img data-recalc-dims=\"1\" loading=\"lazy\" decoding=\"async\" class=\"aligncenter size-full wp-image-55345\" src=\"https:\/\/i0.wp.com\/politicosaldesnudo.com.mx\/wp-content\/uploads\/2025\/01\/FIRMA-EDITORIAL-PD-6.jpg?resize=800%2C98&#038;ssl=1\" alt=\"\" width=\"800\" height=\"98\" srcset=\"https:\/\/i0.wp.com\/politicosaldesnudo.com.mx\/wp-content\/uploads\/2025\/01\/FIRMA-EDITORIAL-PD-6.jpg?w=1024&amp;ssl=1 1024w, https:\/\/i0.wp.com\/politicosaldesnudo.com.mx\/wp-content\/uploads\/2025\/01\/FIRMA-EDITORIAL-PD-6.jpg?resize=300%2C37&amp;ssl=1 300w, https:\/\/i0.wp.com\/politicosaldesnudo.com.mx\/wp-content\/uploads\/2025\/01\/FIRMA-EDITORIAL-PD-6.jpg?resize=768%2C94&amp;ssl=1 768w\" sizes=\"auto, (max-width: 800px) 100vw, 800px\" \/><\/p>\n","protected":false},"excerpt":{"rendered":"<p>\u201cLa paz comienza en el interior de los corazones.\u201d \u2013 Pablo VI. \u00a0Reportes de conductores y de transportistas afirman que<\/p>\n","protected":false},"author":4,"featured_media":36965,"comment_status":"closed","ping_status":"closed","sticky":false,"template":"","format":"standard","meta":{"colormag_page_container_layout":"default_layout","colormag_page_sidebar_layout":"default_layout","_jetpack_memberships_contains_paid_content":false,"footnotes":"","jetpack_publicize_message":"","jetpack_publicize_feature_enabled":true,"jetpack_social_post_already_shared":false,"jetpack_social_options":{"image_generator_settings":{"template":"highway","default_image_id":0,"font":"","enabled":false},"version":2}},"categories":[26],"tags":[],"class_list":["post-55353","post","type-post","status-publish","format-standard","has-post-thumbnail","hentry","category-columnistas"],"jetpack_publicize_connections":[],"jetpack_featured_media_url":"https:\/\/i0.wp.com\/politicosaldesnudo.com.mx\/wp-content\/uploads\/2024\/05\/LUIS-RAMIREZ-BAQUEIRO.jpg?fit=800%2C445&ssl=1","jetpack-related-posts":[],"jetpack_sharing_enabled":true,"_links":{"self":[{"href":"https:\/\/politicosaldesnudo.com.mx\/index.php\/wp-json\/wp\/v2\/posts\/55353","targetHints":{"allow":["GET"]}}],"collection":[{"href":"https:\/\/politicosaldesnudo.com.mx\/index.php\/wp-json\/wp\/v2\/posts"}],"about":[{"href":"https:\/\/politicosaldesnudo.com.mx\/index.php\/wp-json\/wp\/v2\/types\/post"}],"author":[{"embeddable":true,"href":"https:\/\/politicosaldesnudo.com.mx\/index.php\/wp-json\/wp\/v2\/users\/4"}],"replies":[{"embeddable":true,"href":"https:\/\/politicosaldesnudo.com.mx\/index.php\/wp-json\/wp\/v2\/comments?post=55353"}],"version-history":[{"count":0,"href":"https:\/\/politicosaldesnudo.com.mx\/index.php\/wp-json\/wp\/v2\/posts\/55353\/revisions"}],"wp:featuredmedia":[{"embeddable":true,"href":"https:\/\/politicosaldesnudo.com.mx\/index.php\/wp-json\/wp\/v2\/media\/36965"}],"wp:attachment":[{"href":"https:\/\/politicosaldesnudo.com.mx\/index.php\/wp-json\/wp\/v2\/media?parent=55353"}],"wp:term":[{"taxonomy":"category","embeddable":true,"href":"https:\/\/politicosaldesnudo.com.mx\/index.php\/wp-json\/wp\/v2\/categories?post=55353"},{"taxonomy":"post_tag","embeddable":true,"href":"https:\/\/politicosaldesnudo.com.mx\/index.php\/wp-json\/wp\/v2\/tags?post=55353"}],"curies":[{"name":"wp","href":"https:\/\/api.w.org\/{rel}","templated":true}]}}