{"id":55355,"date":"2025-01-27T00:32:23","date_gmt":"2025-01-27T06:32:23","guid":{"rendered":"https:\/\/politicosaldesnudo.com.mx\/?p=55355"},"modified":"2025-01-27T00:32:23","modified_gmt":"2025-01-27T06:32:23","slug":"el-legado-de-jose-mujica","status":"publish","type":"post","link":"https:\/\/politicosaldesnudo.com.mx\/index.php\/2025\/01\/27\/el-legado-de-jose-mujica\/","title":{"rendered":"El legado de Jos\u00e9 Mujica"},"content":{"rendered":"<p>Las personas adquieren respetabilidad a lo largo de su vida por una conducta congruente.<\/p>\n<p>En el caso de los pol\u00edticos la congruencia se manifiesta entre el discurso y su narrativa y su conducta cotidiana.<\/p>\n<p>Puede uno no compartir la misma ideolog\u00eda y sin embargo, respetar a la persona por su congruencia y verticalidad de sus decisiones.<\/p>\n<p>Hoy que es com\u00fan asumir ideolog\u00edas como si fuesen etiquetas de identidad y llevar una vida diferente a lo que se predica al pueblo, la vida de Jos\u00e9 Mujica, -nacido en Montevideo, Uruguay-, surge como un testimonio de vida que infunde respeto.<\/p>\n<p>Jos\u00e9 Mujica form\u00f3 parte en los a\u00f1os sesenta del grupo guerrillero \u201cTupamaros\u201d, de filiaci\u00f3n comunista. En 1972 fue apresado y mantenido en prisi\u00f3n hasta 1985, casi 13 a\u00f1os de su vida, precisamente en el periodo de la dictadura c\u00edvico-militar que gobern\u00f3 Uruguay.<\/p>\n<p>Para 1985, reci\u00e9n liberado al caer la dictadura, decidi\u00f3 reorientar su vida hacia la actividad pol\u00edtica que se presentaba como una oportunidad en ese retorno a la democracia que viv\u00eda su pa\u00eds.<\/p>\n<p>En 1989 fue elegido diputado y despu\u00e9s senador. Su vocaci\u00f3n agr\u00edcola le llev\u00f3 a integrarse al gabinete del presidente Tabar\u00e9 V\u00e1zquez como ministro de Agricultura, Ganader\u00eda y Pesca, cargo que ocup\u00f3 del 2005 al 2008.<\/p>\n<p>De 2010 a 2015 fue elegido presidente de la Rep\u00fablica Oriental de Uruguay. A\u00fan siendo presidente renunci\u00f3 a las canonj\u00edas del cargo y decidi\u00f3 mantener su vida austera junto con su esposa y compa\u00f1era de toda la vida, Mar\u00eda Topolansky, cediendo el 90% de su salario a causas filantr\u00f3picas, lo que le llev\u00f3 a ser retratado utilizando su auto Volkswagen sed\u00e1n, al que en M\u00e9xico se le ha denominado \u201cVochito\u201d, conducido por \u00e9l mismo mientras era presidente de la rep\u00fablica y a vivir en una casa modesta sin servidumbre.<\/p>\n<p>Hoy con un c\u00e1ncer de es\u00f3fago que se le ha extendido al h\u00edgado a sus 89 a\u00f1os de edad, vive sus \u00faltimos d\u00edas y se ha retirado de sus actividades para morir con dignidad y con ello ha vuelto a ser noticia.<\/p>\n<p>Es respetado en todo el mundo hasta por quienes defienden causas de filiaci\u00f3n derechista.<\/p>\n<p>Su fotograf\u00eda charlando relajadamente con el Papa Francisco dio la vuelta al mundo no hace sino pocos a\u00f1os.<\/p>\n<p>Hoy que en M\u00e9xico la izquierda y el socialismo no son m\u00e1s que una simple etiqueta mientras que a su rededor hay opacidad y corrupci\u00f3n, nos debe llevar a la reflexi\u00f3n la trayectoria de Jos\u00e9 Mujica.<\/p>\n<p>El estilo de vida de la 4T, -que habla de austeridad en p\u00fablico pero deja una estela de corrupci\u00f3n a su rededor-, mantiene a las clases populares cr\u00e9dula y confiada en una ret\u00f3rica humanista.<\/p>\n<p>Los s\u00edmbolos de la 4T palidecen frente a la trayectoria inexpugnable de Jos\u00e9 Mujica.<\/p>\n<p>Los excesos de la vida de Vladimir Putin, -el otro s\u00edmbolo comunista-, pierden valor frente a la modestia de este expresidente uruguayo.<\/p>\n<p>Hoy, en los tiempos de la transparencia, la incongruencia no se puede ocultar y por ello sobresalen quienes han resistido la mirada inquisitiva y continua de la sociedad como este pol\u00edtico uruguayo.<\/p>\n<p>\u00bfA usted qu\u00e9 le parece?<\/p>\n<p><img data-recalc-dims=\"1\" loading=\"lazy\" decoding=\"async\" class=\"aligncenter size-full wp-image-55345\" src=\"https:\/\/i0.wp.com\/politicosaldesnudo.com.mx\/wp-content\/uploads\/2025\/01\/FIRMA-EDITORIAL-PD-6.jpg?resize=800%2C98&#038;ssl=1\" alt=\"\" width=\"800\" height=\"98\" srcset=\"https:\/\/i0.wp.com\/politicosaldesnudo.com.mx\/wp-content\/uploads\/2025\/01\/FIRMA-EDITORIAL-PD-6.jpg?w=1024&amp;ssl=1 1024w, https:\/\/i0.wp.com\/politicosaldesnudo.com.mx\/wp-content\/uploads\/2025\/01\/FIRMA-EDITORIAL-PD-6.jpg?resize=300%2C37&amp;ssl=1 300w, https:\/\/i0.wp.com\/politicosaldesnudo.com.mx\/wp-content\/uploads\/2025\/01\/FIRMA-EDITORIAL-PD-6.jpg?resize=768%2C94&amp;ssl=1 768w\" sizes=\"auto, (max-width: 800px) 100vw, 800px\" \/><\/p>\n","protected":false},"excerpt":{"rendered":"<p>Las personas adquieren respetabilidad a lo largo de su vida por una conducta congruente. En el caso de los pol\u00edticos<\/p>\n","protected":false},"author":4,"featured_media":52337,"comment_status":"closed","ping_status":"closed","sticky":false,"template":"","format":"standard","meta":{"colormag_page_container_layout":"default_layout","colormag_page_sidebar_layout":"default_layout","_jetpack_memberships_contains_paid_content":false,"footnotes":"","jetpack_publicize_message":"","jetpack_publicize_feature_enabled":true,"jetpack_social_post_already_shared":false,"jetpack_social_options":{"image_generator_settings":{"template":"highway","default_image_id":0,"font":"","enabled":false},"version":2}},"categories":[26],"tags":[],"class_list":["post-55355","post","type-post","status-publish","format-standard","has-post-thumbnail","hentry","category-columnistas"],"jetpack_publicize_connections":[],"jetpack_featured_media_url":"https:\/\/i0.wp.com\/politicosaldesnudo.com.mx\/wp-content\/uploads\/2024\/12\/BANNER-homs.jpg?fit=800%2C445&ssl=1","jetpack-related-posts":[],"jetpack_sharing_enabled":true,"_links":{"self":[{"href":"https:\/\/politicosaldesnudo.com.mx\/index.php\/wp-json\/wp\/v2\/posts\/55355","targetHints":{"allow":["GET"]}}],"collection":[{"href":"https:\/\/politicosaldesnudo.com.mx\/index.php\/wp-json\/wp\/v2\/posts"}],"about":[{"href":"https:\/\/politicosaldesnudo.com.mx\/index.php\/wp-json\/wp\/v2\/types\/post"}],"author":[{"embeddable":true,"href":"https:\/\/politicosaldesnudo.com.mx\/index.php\/wp-json\/wp\/v2\/users\/4"}],"replies":[{"embeddable":true,"href":"https:\/\/politicosaldesnudo.com.mx\/index.php\/wp-json\/wp\/v2\/comments?post=55355"}],"version-history":[{"count":0,"href":"https:\/\/politicosaldesnudo.com.mx\/index.php\/wp-json\/wp\/v2\/posts\/55355\/revisions"}],"wp:featuredmedia":[{"embeddable":true,"href":"https:\/\/politicosaldesnudo.com.mx\/index.php\/wp-json\/wp\/v2\/media\/52337"}],"wp:attachment":[{"href":"https:\/\/politicosaldesnudo.com.mx\/index.php\/wp-json\/wp\/v2\/media?parent=55355"}],"wp:term":[{"taxonomy":"category","embeddable":true,"href":"https:\/\/politicosaldesnudo.com.mx\/index.php\/wp-json\/wp\/v2\/categories?post=55355"},{"taxonomy":"post_tag","embeddable":true,"href":"https:\/\/politicosaldesnudo.com.mx\/index.php\/wp-json\/wp\/v2\/tags?post=55355"}],"curies":[{"name":"wp","href":"https:\/\/api.w.org\/{rel}","templated":true}]}}