{"id":55357,"date":"2025-01-27T00:36:18","date_gmt":"2025-01-27T06:36:18","guid":{"rendered":"https:\/\/politicosaldesnudo.com.mx\/?p=55357"},"modified":"2025-01-27T00:36:18","modified_gmt":"2025-01-27T06:36:18","slug":"matan-a-periodista-en-tabasco","status":"publish","type":"post","link":"https:\/\/politicosaldesnudo.com.mx\/index.php\/2025\/01\/27\/matan-a-periodista-en-tabasco\/","title":{"rendered":"Matan a periodista en Tabasco"},"content":{"rendered":"<p style=\"text-align: justify; background: white;\"><strong><span style=\"font-size: 14.0pt; font-family: 'Arial','sans-serif'; color: #222222;\">Un promedio de un periodista asesinado por mes lleva la actual administraci\u00f3n y el Mecanismo tan campante<\/span><\/strong><\/p>\n<p style=\"text-align: justify; background: white;\"><strong><span style=\"font-size: 14.0pt; font-family: 'Arial','sans-serif'; color: #222222;\">Por \u00c1ngel \u00c1lvaro Pe\u00f1a<\/span><\/strong><\/p>\n<p style=\"text-align: justify; background: white;\"><span style=\"font-size: 14.0pt; font-family: 'Arial','sans-serif'; color: #222222;\">Las conclusiones de quienes laboran o dicen laborar en el Mecanismo\u00a0<\/span><span style=\"font-size: 14.0pt; font-family: 'Arial','sans-serif'; color: black;\">de Protecci\u00f3n para Personas Defensoras de Derechos Humanos y Periodistas, que encabeza Enrique Irazoque Palazuelos, son cada d\u00eda m\u00e1s asombrosos por su cinismo.<\/span><\/p>\n<p style=\"text-align: justify; background: white;\"><span style=\"font-size: 14.0pt; font-family: 'Arial','sans-serif'; color: black;\">Los mexicanos hemos sido testigos de c\u00f3mo de ser una mafia burocratizada que pareciera colocar en la l\u00ednea de fuego a los comunicadores se convierten en adivinos y hasta profetas.<\/span><\/p>\n<p style=\"text-align: justify; background: white;\"><span style=\"font-size: 14.0pt; font-family: 'Arial','sans-serif'; color: black;\">Son una especie de Nostradamus de lo inmediato, que en este caso plagiaron una investigaci\u00f3n al vapor para hacerla suya, sin an\u00e1lisis ni investigaci\u00f3n alguna.<\/span><\/p>\n<p style=\"text-align: justify; background: white;\"><span style=\"font-size: 14.0pt; font-family: 'Arial','sans-serif'; color: black;\">Se trata del asesinato de un periodista, uno de sus afiliados, Alejandro Gallegos Le\u00f3n, de 51 a\u00f1os, cuyo cuerpo fue encontrado en un cultivo de ma\u00edz en el municipio de C\u00e1rdenas, Tabasco.<\/span><\/p>\n<p><img data-recalc-dims=\"1\" loading=\"lazy\" decoding=\"async\" class=\"aligncenter size-full wp-image-55358\" src=\"https:\/\/i0.wp.com\/politicosaldesnudo.com.mx\/wp-content\/uploads\/2025\/01\/alejandro-gallegos-focus-0-0-608-342.jpg?resize=608%2C342&#038;ssl=1\" alt=\"\" width=\"608\" height=\"342\" srcset=\"https:\/\/i0.wp.com\/politicosaldesnudo.com.mx\/wp-content\/uploads\/2025\/01\/alejandro-gallegos-focus-0-0-608-342.jpg?w=608&amp;ssl=1 608w, https:\/\/i0.wp.com\/politicosaldesnudo.com.mx\/wp-content\/uploads\/2025\/01\/alejandro-gallegos-focus-0-0-608-342.jpg?resize=300%2C169&amp;ssl=1 300w\" sizes=\"auto, (max-width: 608px) 100vw, 608px\" \/><\/p>\n<p style=\"text-align: justify; background: white;\"><span style=\"font-size: 14.0pt; font-family: 'Arial','sans-serif'; color: black;\">Sus familiares reportaron su desaparici\u00f3n el viernes 24 de enero a las 14:25 horas. Fue encontrado un d\u00eda despu\u00e9s, el s\u00e1bado 25, y ese mismo d\u00eda la fiscal\u00eda de Tabasco determin\u00f3 que\u00a0<\/span><span style=\"font-size: 14.0pt; font-family: 'Arial','sans-serif'; color: #282828;\">el director del portal digital\u00a0<i>La Voz del Pueblo<\/i>\u00a0y catedr\u00e1tico de la Universidad Alfa y Omega, que su homicidio nada ten\u00eda que ver con su actividad period\u00edstica. Versi\u00f3n que motiv\u00f3 que la Fiscal\u00eda general de la rep\u00fablica atrajera el caso, \u201cpara proteger la verdad y la justicia\u201d ya que tanta rapidez en un caso as\u00ed no puede darse como leg\u00edtima.<\/span><\/p>\n<p style=\"text-align: justify; background: white;\"><span style=\"font-size: 14.0pt; font-family: 'Arial','sans-serif'; color: #282828;\">A pesar de estas dudas el Mecanismo que encabeza Enrique Irazoque, de inmediato se acomod\u00f3 en la versi\u00f3n al vapor para asegurar que su beneficiario no cuenta con registro de incidentes de seguridad relacionados con su labor.<\/span><\/p>\n<p style=\"text-align: justify; background: white;\"><span style=\"font-size: 14.0pt; font-family: 'Arial','sans-serif'; color: #282828;\">As\u00ed, a e<\/span><span style=\"font-size: 14.0pt; font-family: 'Arial','sans-serif'; color: black;\">scasas horas despu\u00e9s que la oficina en M\u00e9xico del Alto Comisionado para los Derechos Humanos y Reporteros Sin Fronteras llamaron a que la investigaci\u00f3n tomara en cuenta su oficio de periodista, el Mecanismo de Protecci\u00f3n para Personas Defensoras de Derechos Humanos y Periodistas retom\u00f3 la versi\u00f3n de la Fiscal\u00eda de Tabasco seg\u00fan la cual \u00abno hay elementos que permitan vincular los hechos con su labor period\u00edstica\u00bb.<\/span><\/p>\n<p style=\"text-align: justify; background: white;\"><span style=\"font-size: 14.0pt; font-family: 'Arial','sans-serif'; color: black;\">Es decir, no hab\u00edan pasado ni 24 horas de la notificaci\u00f3n de su desaparici\u00f3n cuando el Mecanismo ya ten\u00eda resuelto el caso, desde luego desvincul\u00e1ndose de toda responsabilidad.<\/span><\/p>\n<p style=\"text-align: justify; background: white;\"><span style=\"font-size: 14.0pt; font-family: 'Arial','sans-serif'; color: black;\">El reporte del Mecanismo pr\u00e1cticamente es una copia textual de la irresponsable investigaci\u00f3n de la Fiscal\u00eda de Tabasco, cuando su labor no es dar a conocer c\u00f3mo muri\u00f3 sino evitar su muerte.<\/span><\/p>\n<p style=\"text-align: justify; background: white;\"><span style=\"font-size: 14.0pt; font-family: 'Arial','sans-serif'; color: black;\">Como ya es costumbre en el Mecanismo, al final del documento que emiti\u00f3 expres\u00f3 su pesar por el homicidio del periodista.<\/span><\/p>\n<p style=\"text-align: justify; background: white;\"><span style=\"font-size: 14.0pt; font-family: 'Arial','sans-serif'; color: black;\">El Mecanismo cree proteger la vida de los periodistas que certificaron que su vida estaba en peligro con un bot\u00f3n de p\u00e1nico que expide todav\u00eda una empresa propiedad de Genaro Garc\u00eda Luna.<\/span><\/p>\n<p style=\"text-align: justify; background: white;\"><span style=\"font-size: 14.0pt; font-family: 'Arial','sans-serif'; color: black;\">Con dicho bot\u00f3n se ubica al comunicador y su movilidad y rutinas.<\/span><\/p>\n<p style=\"text-align: justify; background: white;\"><span style=\"font-size: 14.0pt; font-family: 'Arial','sans-serif'; color: black;\">Las triangulaciones de proveedores que hace el Mecanismo, sin licitar y de asignaci\u00f3n directa, tiene que ver con una parte de la mafia policiaca que se instal\u00f3 en el pa\u00eds por muchos a\u00f1os y todav\u00eda no acaba de irse de la administraci\u00f3n p\u00fablica.<\/span><\/p>\n<p style=\"text-align: justify; background: white;\"><span style=\"font-size: 14.0pt; font-family: 'Arial','sans-serif'; color: black;\">Prueba de ello es la presencia de Manuel Espino en Morena, ahora diputado federal de ese partido, nada menos que presidente de la Comisi\u00f3n de Seguridad, en la C\u00e1mara de Diputados, quien fuera uno de los proveedores del Mecanismo, cuando dirigi\u00f3 el Servicio de Protecci\u00f3n Federal, que dotaba de personal al mecanismo. Espino fue panista y miembro distinguido de El Yunque.<\/span><\/p>\n<p style=\"text-align: justify; background: white;\"><span style=\"font-size: 14.0pt; font-family: 'Arial','sans-serif'; color: black;\">Si el Mecanismo de Irazoque depende de la Segob, que encabeza Rosa Icela Rodr\u00edguez, deber\u00eda haber una revisi\u00f3n a fondo, no s\u00f3lo del origen de los proveedores sino la eficacia de los miembros de la junta de Gobierno que en a\u00f1os no han evitado asesinatos, ni siquiera cuenta con datos para conocer m\u00f3viles de homicidios o mostrar sospechas de qui\u00e9nes est\u00e1n detr\u00e1s de estos delitos.<\/span><\/p>\n<p style=\"text-align: justify; background: white;\"><span style=\"font-size: 14.0pt; font-family: 'Arial','sans-serif'; color: black;\">En lugar de afiliar cada d\u00eda a m\u00e1s comunicadores en peligro el Mecanismo utiliza un m\u00e9todo al rev\u00e9s que los exculpa de toda agresi\u00f3n a los periodistas. Porque peri\u00f3dicamente depura el n\u00famero de afiliados para reducir costo, ahorrar recursos, cumplir con la austeridad republicana y colocar a los periodistas al borde de la muerte.<\/span><\/p>\n<p style=\"text-align: justify; background: white;\"><span style=\"font-size: 14.0pt; font-family: 'Arial','sans-serif'; color: black;\">Esta burocracia no es supervisada por nadie, a pesar de la trascendencia de su tarea, es por ello que est\u00e9 afiliado al mecanismo o no, los asesinatos contra los comunicadores contin\u00faan y la negligencia del Mecanismo contribuye a que los homicidas alcancen la impunidad.<\/span><\/p>\n<p style=\"text-align: justify; background: white;\"><span style=\"font-size: 14.0pt; font-family: 'Arial','sans-serif'; color: black;\">Hasta cu\u00e1ndo el Mecanismo abandonar\u00e1 esa conducta de nadar de a muertito para ponerse a trabajar y dejar de ser tan c\u00ednicos como si los periodistas fueran insectos que desaparecen por inercia.<\/span><\/p>\n<p style=\"text-align: justify; background: white;\"><span style=\"font-size: 14.0pt; font-family: 'Arial','sans-serif'; color: black;\">La responsabilidad no se limita a dicha Junta de Gobierno sino a la Subsecretar\u00eda de Derechos Humanos, Poblaci\u00f3n y Migraci\u00f3n, que encabeza F\u00e9lix Arturo Medina Padilla, desde octubre del a\u00f1o antepasado. Tambi\u00e9n es responsabilidad de la titular de Gobernaci\u00f3n, quien debe hacer una revisi\u00f3n del Mecanismo para que pueda avanzar en las actividades propias de su cargo.<\/span><\/p>\n<p style=\"text-align: justify; background: white;\"><span style=\"font-size: 14.0pt; font-family: 'Arial','sans-serif'; color: #222222;\">Este asesinato se suma a otros en los que sale a relucir la irresponsabilidad de las autoridades encargadas de salvaguardar la integridad de muchos mexicanos a los que se les atemoriza ante la impunidad de los asesinos de sus compa\u00f1eros, inhibiendo as\u00ed el desarrollo de la libertad en M\u00e9xico.<\/span><\/p>\n","protected":false},"excerpt":{"rendered":"<p>Un promedio de un periodista asesinado por mes lleva la actual administraci\u00f3n y el Mecanismo tan campante Por \u00c1ngel \u00c1lvaro<\/p>\n","protected":false},"author":4,"featured_media":55359,"comment_status":"closed","ping_status":"closed","sticky":false,"template":"","format":"standard","meta":{"colormag_page_container_layout":"default_layout","colormag_page_sidebar_layout":"default_layout","_jetpack_memberships_contains_paid_content":false,"footnotes":"","jetpack_publicize_message":"","jetpack_publicize_feature_enabled":true,"jetpack_social_post_already_shared":false,"jetpack_social_options":{"image_generator_settings":{"template":"highway","default_image_id":0,"font":"","enabled":false},"version":2}},"categories":[26],"tags":[],"class_list":["post-55357","post","type-post","status-publish","format-standard","has-post-thumbnail","hentry","category-columnistas"],"jetpack_publicize_connections":[],"jetpack_featured_media_url":"https:\/\/i0.wp.com\/politicosaldesnudo.com.mx\/wp-content\/uploads\/2025\/01\/Marcha_Periodistas-4.jpg?fit=700%2C525&ssl=1","jetpack-related-posts":[],"jetpack_sharing_enabled":true,"_links":{"self":[{"href":"https:\/\/politicosaldesnudo.com.mx\/index.php\/wp-json\/wp\/v2\/posts\/55357","targetHints":{"allow":["GET"]}}],"collection":[{"href":"https:\/\/politicosaldesnudo.com.mx\/index.php\/wp-json\/wp\/v2\/posts"}],"about":[{"href":"https:\/\/politicosaldesnudo.com.mx\/index.php\/wp-json\/wp\/v2\/types\/post"}],"author":[{"embeddable":true,"href":"https:\/\/politicosaldesnudo.com.mx\/index.php\/wp-json\/wp\/v2\/users\/4"}],"replies":[{"embeddable":true,"href":"https:\/\/politicosaldesnudo.com.mx\/index.php\/wp-json\/wp\/v2\/comments?post=55357"}],"version-history":[{"count":0,"href":"https:\/\/politicosaldesnudo.com.mx\/index.php\/wp-json\/wp\/v2\/posts\/55357\/revisions"}],"wp:featuredmedia":[{"embeddable":true,"href":"https:\/\/politicosaldesnudo.com.mx\/index.php\/wp-json\/wp\/v2\/media\/55359"}],"wp:attachment":[{"href":"https:\/\/politicosaldesnudo.com.mx\/index.php\/wp-json\/wp\/v2\/media?parent=55357"}],"wp:term":[{"taxonomy":"category","embeddable":true,"href":"https:\/\/politicosaldesnudo.com.mx\/index.php\/wp-json\/wp\/v2\/categories?post=55357"},{"taxonomy":"post_tag","embeddable":true,"href":"https:\/\/politicosaldesnudo.com.mx\/index.php\/wp-json\/wp\/v2\/tags?post=55357"}],"curies":[{"name":"wp","href":"https:\/\/api.w.org\/{rel}","templated":true}]}}