{"id":55381,"date":"2025-01-28T00:01:08","date_gmt":"2025-01-28T06:01:08","guid":{"rendered":"https:\/\/politicosaldesnudo.com.mx\/?p=55381"},"modified":"2025-01-27T23:44:58","modified_gmt":"2025-01-28T05:44:58","slug":"hoy-feria-del-empleo","status":"publish","type":"post","link":"https:\/\/politicosaldesnudo.com.mx\/index.php\/2025\/01\/28\/hoy-feria-del-empleo\/","title":{"rendered":"Hoy, Feria del Empleo"},"content":{"rendered":"<p>El H. Ayuntamiento de Tuxpan, el Servicio Nacional de Empleo y la Secretar\u00eda de Trabajo, Previsi\u00f3n Social y Productividad del estado de Veracruz hacen una cordial invitaci\u00f3n a la Feria del Empleo Tuxpan 2025, que se realizar\u00e1 este martes 28 de enero.<\/p>\n<p>En la plaza c\u00edvica, de 9:00 a 15:00 horas, representantes de empresas de los sectores industrial, comercial y de servicios ofrecer\u00e1n diversas vacantes a las personas que buscan una oportunidad de trabajo.<\/p>\n<p>Los requisitos que deber\u00e1n presentar los interesados son: solicitud de empleo elaborada y copia de identificaci\u00f3n (credencial de elector).<\/p>\n<p>Esta estrategia fomenta el empleo formal, con el prop\u00f3sito de favorecer el desarrollo econ\u00f3mico del municipio y mejorar la calidad de vida de las familias, a partir de mejores condiciones laborales.<\/p>\n<p>De igual manera, este evento busca promover la inclusi\u00f3n laboral ofreciendo vacantes dirigidas a personas con discapacidad y adultos mayores, dos sectores de la poblaci\u00f3n que suelen enfrentar barreras significativas al buscar empleo.<\/p>\n<p>Irma Elena Moncada Garc\u00eda, coordinadora regional del Servicio Nacional del Empleo (SNE), destac\u00f3 que m\u00e1s de 30 empresas estar\u00e1n participando en esta jornada laboral, ofreciendo una amplia variedad de oportunidades para perfiles diversos.<\/p>\n<p>\u00abEs fundamental garantizar que todos los ciudadanos, sin importar su edad o condici\u00f3n, tengan acceso a un empleo digno. Este evento est\u00e1 dise\u00f1ado para ser un puente entre las empresas y aquellas personas que, por diversas razones, encuentran m\u00e1s dif\u00edcil ingresar al mercado laboral\u00bb, se\u00f1al\u00f3 Moncada Garc\u00eda.<\/p>\n<p>La coordinadora enfatiz\u00f3 que, adem\u00e1s de las vacantes, la feria contar\u00e1 con un enfoque formativo para los asistentes. Se impartir\u00e1 un taller pr\u00e1ctico que incluir\u00e1 orientaci\u00f3n sobre c\u00f3mo llenar correctamente una solicitud de empleo, elaborar un curr\u00edculum vitae y presentarse de manera profesional a una entrevista de trabajo. Estas herramientas buscan fortalecer la confianza de los aspirantes y aumentar sus posibilidades de \u00e9xito en la b\u00fasqueda de empleo.<\/p>\n","protected":false},"excerpt":{"rendered":"<p>El H. Ayuntamiento de Tuxpan, el Servicio Nacional de Empleo y la Secretar\u00eda de Trabajo, Previsi\u00f3n Social y Productividad del<\/p>\n","protected":false},"author":4,"featured_media":55382,"comment_status":"closed","ping_status":"closed","sticky":false,"template":"","format":"standard","meta":{"colormag_page_container_layout":"default_layout","colormag_page_sidebar_layout":"default_layout","_jetpack_memberships_contains_paid_content":false,"footnotes":"","jetpack_publicize_message":"","jetpack_publicize_feature_enabled":true,"jetpack_social_post_already_shared":false,"jetpack_social_options":{"image_generator_settings":{"template":"highway","default_image_id":0,"font":"","enabled":false},"version":2}},"categories":[1082],"tags":[],"class_list":["post-55381","post","type-post","status-publish","format-standard","has-post-thumbnail","hentry","category-tuxpan"],"jetpack_publicize_connections":[],"jetpack_featured_media_url":"https:\/\/i0.wp.com\/politicosaldesnudo.com.mx\/wp-content\/uploads\/2025\/01\/3a-5.jpg?fit=1600%2C1200&ssl=1","jetpack-related-posts":[],"jetpack_sharing_enabled":true,"_links":{"self":[{"href":"https:\/\/politicosaldesnudo.com.mx\/index.php\/wp-json\/wp\/v2\/posts\/55381","targetHints":{"allow":["GET"]}}],"collection":[{"href":"https:\/\/politicosaldesnudo.com.mx\/index.php\/wp-json\/wp\/v2\/posts"}],"about":[{"href":"https:\/\/politicosaldesnudo.com.mx\/index.php\/wp-json\/wp\/v2\/types\/post"}],"author":[{"embeddable":true,"href":"https:\/\/politicosaldesnudo.com.mx\/index.php\/wp-json\/wp\/v2\/users\/4"}],"replies":[{"embeddable":true,"href":"https:\/\/politicosaldesnudo.com.mx\/index.php\/wp-json\/wp\/v2\/comments?post=55381"}],"version-history":[{"count":0,"href":"https:\/\/politicosaldesnudo.com.mx\/index.php\/wp-json\/wp\/v2\/posts\/55381\/revisions"}],"wp:featuredmedia":[{"embeddable":true,"href":"https:\/\/politicosaldesnudo.com.mx\/index.php\/wp-json\/wp\/v2\/media\/55382"}],"wp:attachment":[{"href":"https:\/\/politicosaldesnudo.com.mx\/index.php\/wp-json\/wp\/v2\/media?parent=55381"}],"wp:term":[{"taxonomy":"category","embeddable":true,"href":"https:\/\/politicosaldesnudo.com.mx\/index.php\/wp-json\/wp\/v2\/categories?post=55381"},{"taxonomy":"post_tag","embeddable":true,"href":"https:\/\/politicosaldesnudo.com.mx\/index.php\/wp-json\/wp\/v2\/tags?post=55381"}],"curies":[{"name":"wp","href":"https:\/\/api.w.org\/{rel}","templated":true}]}}