{"id":55427,"date":"2025-01-28T00:32:58","date_gmt":"2025-01-28T06:32:58","guid":{"rendered":"https:\/\/politicosaldesnudo.com.mx\/?p=55427"},"modified":"2025-01-28T00:32:58","modified_gmt":"2025-01-28T06:32:58","slug":"inicia-cnte-movilizaciones-en-oaxaca-por-incumplimientos-estatales","status":"publish","type":"post","link":"https:\/\/politicosaldesnudo.com.mx\/index.php\/2025\/01\/28\/inicia-cnte-movilizaciones-en-oaxaca-por-incumplimientos-estatales\/","title":{"rendered":"Inicia CNTE movilizaciones en Oaxaca por incumplimientos estatales"},"content":{"rendered":"<p>Este lunes dio inicio un plant\u00f3n de 48 horas por parte de profesores de la secci\u00f3n 22 de la Coordinadora Nacional de los Trabajadores de la Educaci\u00f3n (CNTE) pertenecientes al nivel de Primaria General, lo anterior ante la falta de cumplimiento del gobierno de Salom\u00f3n Jara Cruz a diversos acuerdos pactados durante los dos a\u00f1os que lleva su administraci\u00f3n.<\/p>\n<p>Carmelo Silva Montiel, secretario General de Trabajos y Conflictos de dicho nivel, acus\u00f3 a la administraci\u00f3n morenista de incumplimiento, lo que ha dado pie a que los 30 mil profesores de este sector inicien movilizaciones por 48 horas, en las que se tienen programadas distintas movilizaciones.<\/p>\n<p>Explic\u00f3 que las demandas se basan principalmente en la falta de maestros as\u00ed como de personal administrativo en distintas escuelas de primarias; la recategorizaci\u00f3n de trabajadores; regularizaci\u00f3n de los 105 supervisores y 28 jefaturas de sector; alto al hostigamiento laboral con notas malas, persecuci\u00f3n administrativa, auditorias y cambios<br \/>\nde modalidad pago; entre otros.<\/p>\n<p>Para este lunes se iniciaron 4 bloqueos en la ciudad de Oaxaca, ubicados principalmente en cruceros como los que forman las calles H\u00e9roes de Chapultepec con Porfirio D\u00edaz, H\u00e9roes de Chapultepec con el boulevard Eduardo Vasconcelos, el boulevard Eduardo con la avenida L\u00e1zaro C\u00e1rdenas y el crucero de la agencia de 5 Se\u00f1ores.<\/p>\n","protected":false},"excerpt":{"rendered":"<p>Este lunes dio inicio un plant\u00f3n de 48 horas por parte de profesores de la secci\u00f3n 22 de la Coordinadora<\/p>\n","protected":false},"author":4,"featured_media":55428,"comment_status":"closed","ping_status":"closed","sticky":false,"template":"","format":"standard","meta":{"colormag_page_container_layout":"default_layout","colormag_page_sidebar_layout":"default_layout","_jetpack_memberships_contains_paid_content":false,"footnotes":"","jetpack_publicize_message":"","jetpack_publicize_feature_enabled":true,"jetpack_social_post_already_shared":false,"jetpack_social_options":{"image_generator_settings":{"template":"highway","default_image_id":0,"font":"","enabled":false},"version":2}},"categories":[30],"tags":[],"class_list":["post-55427","post","type-post","status-publish","format-standard","has-post-thumbnail","hentry","category-estados"],"jetpack_publicize_connections":[],"jetpack_featured_media_url":"https:\/\/i0.wp.com\/politicosaldesnudo.com.mx\/wp-content\/uploads\/2025\/01\/hq720-2.jpg?fit=686%2C386&ssl=1","jetpack-related-posts":[],"jetpack_sharing_enabled":true,"_links":{"self":[{"href":"https:\/\/politicosaldesnudo.com.mx\/index.php\/wp-json\/wp\/v2\/posts\/55427","targetHints":{"allow":["GET"]}}],"collection":[{"href":"https:\/\/politicosaldesnudo.com.mx\/index.php\/wp-json\/wp\/v2\/posts"}],"about":[{"href":"https:\/\/politicosaldesnudo.com.mx\/index.php\/wp-json\/wp\/v2\/types\/post"}],"author":[{"embeddable":true,"href":"https:\/\/politicosaldesnudo.com.mx\/index.php\/wp-json\/wp\/v2\/users\/4"}],"replies":[{"embeddable":true,"href":"https:\/\/politicosaldesnudo.com.mx\/index.php\/wp-json\/wp\/v2\/comments?post=55427"}],"version-history":[{"count":0,"href":"https:\/\/politicosaldesnudo.com.mx\/index.php\/wp-json\/wp\/v2\/posts\/55427\/revisions"}],"wp:featuredmedia":[{"embeddable":true,"href":"https:\/\/politicosaldesnudo.com.mx\/index.php\/wp-json\/wp\/v2\/media\/55428"}],"wp:attachment":[{"href":"https:\/\/politicosaldesnudo.com.mx\/index.php\/wp-json\/wp\/v2\/media?parent=55427"}],"wp:term":[{"taxonomy":"category","embeddable":true,"href":"https:\/\/politicosaldesnudo.com.mx\/index.php\/wp-json\/wp\/v2\/categories?post=55427"},{"taxonomy":"post_tag","embeddable":true,"href":"https:\/\/politicosaldesnudo.com.mx\/index.php\/wp-json\/wp\/v2\/tags?post=55427"}],"curies":[{"name":"wp","href":"https:\/\/api.w.org\/{rel}","templated":true}]}}