{"id":55433,"date":"2025-01-28T00:50:44","date_gmt":"2025-01-28T06:50:44","guid":{"rendered":"https:\/\/politicosaldesnudo.com.mx\/?p=55433"},"modified":"2025-01-28T00:50:44","modified_gmt":"2025-01-28T06:50:44","slug":"convocan-en-venezuela-a-elecciones-parlamentarias-y-regionales-para-el-27-de-abril","status":"publish","type":"post","link":"https:\/\/politicosaldesnudo.com.mx\/index.php\/2025\/01\/28\/convocan-en-venezuela-a-elecciones-parlamentarias-y-regionales-para-el-27-de-abril\/","title":{"rendered":"Convocan en Venezuela a elecciones parlamentarias y regionales para el 27 de abril"},"content":{"rendered":"<p>La autoridad electoral de Venezuela convoc\u00f3 para el pr\u00f3ximo 27 de abril a elecciones parlamentarias y regionales, proceso que la l\u00edder opositora Mar\u00eda Corina Machado llam\u00f3 a boicotear tras denuncias de fraude en la reelecci\u00f3n del presidente Nicol\u00e1s Maduro en 2024.<\/p>\n<p>El presidente del Consejo Nacional Electoral (CNE), Elvis Amoroso, anunci\u00f3 la fecha este lunes, al leer un comunicado en la televisi\u00f3n estatal. El CNE a\u00fan no publica un escrutinio detallado de las presidenciales del pasado 28 de julio.<\/p>\n","protected":false},"excerpt":{"rendered":"<p>La autoridad electoral de Venezuela convoc\u00f3 para el pr\u00f3ximo 27 de abril a elecciones parlamentarias y regionales, proceso que la<\/p>\n","protected":false},"author":4,"featured_media":55434,"comment_status":"closed","ping_status":"closed","sticky":false,"template":"","format":"standard","meta":{"colormag_page_container_layout":"default_layout","colormag_page_sidebar_layout":"default_layout","_jetpack_memberships_contains_paid_content":false,"footnotes":"","jetpack_publicize_message":"","jetpack_publicize_feature_enabled":true,"jetpack_social_post_already_shared":false,"jetpack_social_options":{"image_generator_settings":{"template":"highway","default_image_id":0,"font":"","enabled":false},"version":2}},"categories":[28],"tags":[],"class_list":["post-55433","post","type-post","status-publish","format-standard","has-post-thumbnail","hentry","category-internacional"],"jetpack_publicize_connections":[],"jetpack_featured_media_url":"https:\/\/i0.wp.com\/politicosaldesnudo.com.mx\/wp-content\/uploads\/2025\/01\/AA1xXa24.jpg?fit=768%2C512&ssl=1","jetpack-related-posts":[],"jetpack_sharing_enabled":true,"_links":{"self":[{"href":"https:\/\/politicosaldesnudo.com.mx\/index.php\/wp-json\/wp\/v2\/posts\/55433","targetHints":{"allow":["GET"]}}],"collection":[{"href":"https:\/\/politicosaldesnudo.com.mx\/index.php\/wp-json\/wp\/v2\/posts"}],"about":[{"href":"https:\/\/politicosaldesnudo.com.mx\/index.php\/wp-json\/wp\/v2\/types\/post"}],"author":[{"embeddable":true,"href":"https:\/\/politicosaldesnudo.com.mx\/index.php\/wp-json\/wp\/v2\/users\/4"}],"replies":[{"embeddable":true,"href":"https:\/\/politicosaldesnudo.com.mx\/index.php\/wp-json\/wp\/v2\/comments?post=55433"}],"version-history":[{"count":0,"href":"https:\/\/politicosaldesnudo.com.mx\/index.php\/wp-json\/wp\/v2\/posts\/55433\/revisions"}],"wp:featuredmedia":[{"embeddable":true,"href":"https:\/\/politicosaldesnudo.com.mx\/index.php\/wp-json\/wp\/v2\/media\/55434"}],"wp:attachment":[{"href":"https:\/\/politicosaldesnudo.com.mx\/index.php\/wp-json\/wp\/v2\/media?parent=55433"}],"wp:term":[{"taxonomy":"category","embeddable":true,"href":"https:\/\/politicosaldesnudo.com.mx\/index.php\/wp-json\/wp\/v2\/categories?post=55433"},{"taxonomy":"post_tag","embeddable":true,"href":"https:\/\/politicosaldesnudo.com.mx\/index.php\/wp-json\/wp\/v2\/tags?post=55433"}],"curies":[{"name":"wp","href":"https:\/\/api.w.org\/{rel}","templated":true}]}}