{"id":55436,"date":"2025-01-28T00:52:11","date_gmt":"2025-01-28T06:52:11","guid":{"rendered":"https:\/\/politicosaldesnudo.com.mx\/?p=55436"},"modified":"2025-01-28T00:52:11","modified_gmt":"2025-01-28T06:52:11","slug":"brasil-inaceptable-el-maltrato-a-repatriados-honduras-convoca-a-junta-urgente-de-celac","status":"publish","type":"post","link":"https:\/\/politicosaldesnudo.com.mx\/index.php\/2025\/01\/28\/brasil-inaceptable-el-maltrato-a-repatriados-honduras-convoca-a-junta-urgente-de-celac\/","title":{"rendered":"Brasil: inaceptable, el maltrato a repatriados; Honduras convoca a junta urgente de Celac"},"content":{"rendered":"<div class=\"col col1\">\n<p class=\"s-s\">La presidenta de Honduras, Xiomara Castro, convoc\u00f3 ayer a una reuni\u00f3n\u00a0<q>urgente<\/q>\u00a0de presidentes y jefes de Estado de la Comunidad de Estados Latinoamericanos y Caribe\u00f1os (Celac), el pr\u00f3ximo jueves en Tegucigalpa, para hablar de migraci\u00f3n, en medio de la ofensiva de Estados Unidos contra los indocumentados.<\/p>\n<p>La invitaci\u00f3n fue publicada en la red social X, en su calidad de presidenta\u00a0<em>pro t\u00e9mpore\u00a0<\/em>de la Celac.<\/p>\n<p>Seg\u00fan el gobierno hondure\u00f1o, en el encuentro se espera abordar como\u00a0<q>puntos de agenda<\/q>\u00a0los temas de\u00a0<q>migraci\u00f3n<\/q>,\u00a0<q>unidad latinoamericana y caribe\u00f1a<\/q>\u00a0y\u00a0<q>medio ambiente<\/q>.<\/p>\n<p>La reuni\u00f3n\u00a0<q>en formato virtual y presencial<\/q>\u00a0se efectuar\u00e1 a las 11 de la ma\u00f1ana (hora local).<\/p>\n<p>Seg\u00fan un comunicado del gobierno hondure\u00f1o, ya\u00a0<q>ha confirmado su participaci\u00f3n de manera presencial<\/q>\u00a0el presidente de Colombia, Gustavo Petro.<\/p>\n<p>El tema migratorio ser\u00e1 el foco de la reuni\u00f3n, en medio de una tensi\u00f3n diplom\u00e1tica entre Colombia y Estados Unidos por la deportaci\u00f3n de migrantes.<\/p>\n<p>La reuni\u00f3n de la Celac se realizar\u00e1 la misma semana en que el nuevo secretario de Estado de Estados Unidos, Marco Rubio, tiene preparada una gira por cinco pa\u00edses latinoamericanos: Panam\u00e1, Costa Rica, El Salvador, Guatemala y Rep\u00fablica Dominicana.<\/p>\n<p>En un comunicado ayer, la presidencia de Colombia indic\u00f3 que la reuni\u00f3n de la Celac\u00a0<q>ser\u00e1 una oportunidad para abordar temas estrat\u00e9gicos para la regi\u00f3n, tales como la cooperaci\u00f3n en materia de migraci\u00f3n y la protecci\u00f3n de los derechos humanos<\/q>.<\/p>\n<p>Seg\u00fan la presidencia colombiana\u00a0<q>se han sostenido conversaciones con Honduras<\/q>\u00a0por ocupar la presidencia temporal de la Celac con el fin de\u00a0<q>promover un enfoque regional frente a los desaf\u00edos migratorios<\/q>.<\/p>\n<\/div>\n<div class=\"col col2\">\n<p>La presidenta Castro reiter\u00f3 que si la agresi\u00f3n a los migrantes latinoamericanos contin\u00faa, cerrar\u00e1n y expulsar\u00e1n las bases militares estadunidenses que gobiernos anteriores permitieron instalar en territorio hondure\u00f1o.<\/p>\n<p>En tanto, el gobierno de Brasil calific\u00f3 de\u00a0<q>inaceptable<\/q>\u00a0el trato\u00a0<q>degradante<\/q>\u00a0otorgado por Estados Unidos a 88 migrantes brasile\u00f1os que fueron expulsados de aquel pa\u00eds esposados, y anunci\u00f3 que exigir\u00e1 explicaciones a la administraci\u00f3n del presidente Donald Trump por el incumplimiento de los acuerdos de 2018 entre Brasilia y Washington sobre pol\u00edtica migratoria, inform\u00f3 la canciller\u00eda.<\/p>\n<p>En tanto, funcionarios de la administraci\u00f3n Trump trabajan en un acuerdo de asilo con El Salvador que permitir\u00eda a Estados Unidos deportar ah\u00ed a migrantes de diferentes pa\u00edses, incluidos pandilleros venezolanos, inform\u00f3 CBS News.<\/p>\n<p>El acuerdo, conocido como Tercer Pa\u00eds Seguro, facultar\u00eda a los funcionarios de inmigraci\u00f3n estadunidenses a deportar a inmigrantes no salvadore\u00f1os a El Salvador.<\/p>\n<p>Este acuerdo impedir\u00eda que los indocumentados soliciten asilo en Estados Unidos y ser\u00edan deportados con instrucciones de buscar asilo en El Salvador, que se convertir\u00eda as\u00ed en tercer pa\u00eds seguro.<\/p>\n<p>Si este plan se concreta, indica CBS News, revivir\u00eda un acuerdo del primer mandato de Trump (2017-2021) con el gobierno salvadore\u00f1o, aunque \u00e9ste nunca se consolid\u00f3 y fue eventualmente cancelado por Joe Biden, informaron medios del pa\u00eds centroamericano.<\/p>\n<p>La publicaci\u00f3n, que no fue confirmada o desmentida por el gobierno de Nayib Bukele, a\u00f1ade que este plan incluir\u00eda que Estados Unidos podr\u00eda deportar a El Salvador a personas que est\u00e9n bajo sospecha de pertenecer a la banda criminal venezolana\u00a0<em>Tren de Aragua<\/em>, que est\u00e1 en la mira de Trump.<\/p>\n<\/div>\n","protected":false},"excerpt":{"rendered":"<p>La presidenta de Honduras, Xiomara Castro, convoc\u00f3 ayer a una reuni\u00f3n\u00a0urgente\u00a0de presidentes y jefes de Estado de la Comunidad de<\/p>\n","protected":false},"author":4,"featured_media":55437,"comment_status":"closed","ping_status":"closed","sticky":false,"template":"","format":"standard","meta":{"colormag_page_container_layout":"default_layout","colormag_page_sidebar_layout":"default_layout","_jetpack_memberships_contains_paid_content":false,"footnotes":"","jetpack_publicize_message":"","jetpack_publicize_feature_enabled":true,"jetpack_social_post_already_shared":false,"jetpack_social_options":{"image_generator_settings":{"template":"highway","default_image_id":0,"font":"","enabled":false},"version":2}},"categories":[28],"tags":[],"class_list":["post-55436","post","type-post","status-publish","format-standard","has-post-thumbnail","hentry","category-internacional"],"jetpack_publicize_connections":[],"jetpack_featured_media_url":"https:\/\/i0.wp.com\/politicosaldesnudo.com.mx\/wp-content\/uploads\/2025\/01\/Deportaciones-us.jpg?fit=1022%2C637&ssl=1","jetpack-related-posts":[],"jetpack_sharing_enabled":true,"_links":{"self":[{"href":"https:\/\/politicosaldesnudo.com.mx\/index.php\/wp-json\/wp\/v2\/posts\/55436","targetHints":{"allow":["GET"]}}],"collection":[{"href":"https:\/\/politicosaldesnudo.com.mx\/index.php\/wp-json\/wp\/v2\/posts"}],"about":[{"href":"https:\/\/politicosaldesnudo.com.mx\/index.php\/wp-json\/wp\/v2\/types\/post"}],"author":[{"embeddable":true,"href":"https:\/\/politicosaldesnudo.com.mx\/index.php\/wp-json\/wp\/v2\/users\/4"}],"replies":[{"embeddable":true,"href":"https:\/\/politicosaldesnudo.com.mx\/index.php\/wp-json\/wp\/v2\/comments?post=55436"}],"version-history":[{"count":0,"href":"https:\/\/politicosaldesnudo.com.mx\/index.php\/wp-json\/wp\/v2\/posts\/55436\/revisions"}],"wp:featuredmedia":[{"embeddable":true,"href":"https:\/\/politicosaldesnudo.com.mx\/index.php\/wp-json\/wp\/v2\/media\/55437"}],"wp:attachment":[{"href":"https:\/\/politicosaldesnudo.com.mx\/index.php\/wp-json\/wp\/v2\/media?parent=55436"}],"wp:term":[{"taxonomy":"category","embeddable":true,"href":"https:\/\/politicosaldesnudo.com.mx\/index.php\/wp-json\/wp\/v2\/categories?post=55436"},{"taxonomy":"post_tag","embeddable":true,"href":"https:\/\/politicosaldesnudo.com.mx\/index.php\/wp-json\/wp\/v2\/tags?post=55436"}],"curies":[{"name":"wp","href":"https:\/\/api.w.org\/{rel}","templated":true}]}}