{"id":55439,"date":"2025-01-28T00:53:32","date_gmt":"2025-01-28T06:53:32","guid":{"rendered":"https:\/\/politicosaldesnudo.com.mx\/?p=55439"},"modified":"2025-01-28T00:53:32","modified_gmt":"2025-01-28T06:53:32","slug":"acuerdo-entre-eu-y-colombia-frena-guerra-arancelaria","status":"publish","type":"post","link":"https:\/\/politicosaldesnudo.com.mx\/index.php\/2025\/01\/28\/acuerdo-entre-eu-y-colombia-frena-guerra-arancelaria\/","title":{"rendered":"Acuerdo entre EU y Colombia frena guerra arancelaria"},"content":{"rendered":"<p class=\"s-s\">El gobierno del presidente de Colombia, Gustavo Petro, inform\u00f3 anoche que la crisis diplom\u00e1tica con Estados Unidos qued\u00f3 superada, luego de que el jefe de la Casa Blanca, Donald Trump, anunci\u00f3 una guerra comercial contra el pa\u00eds porque se neg\u00f3 a recibir la deportaci\u00f3n de indocumentados colombianos transportados en aviones militares, por considerar que se estaban violando los derechos humanos y la dignidad de los migrantes.<\/p>\n<p>Al leer un escueto comunicado de prensa, el canciller Luis Gilberto Murillo, expres\u00f3: \u201cel gobierno de Colombia informa que hemos superado el\u00a0<em>impasse<\/em>\u00a0con el gobierno de Estados Unidos\u201d.<\/p>\n<p>Para solucionar, como dice Petro, con dignidad el caso de los deportados, el gobierno colombiano en el mismo comunicado manifest\u00f3 que\u00a0<q>ha dispuesto el avi\u00f3n presidencial para facilitar el retorno digno de los connacionales que iban a llegar hoy al pa\u00eds en horas de la ma\u00f1ana, en vuelos de deportaci\u00f3n<\/q>.<\/p>\n<p>En un video difundido en redes sociales, el jefe de la diplomacia afirm\u00f3 que seguir\u00e1n recibiendo a los colombianos deportados,\u00a0<q>garantiz\u00e1ndoles las condiciones dignas como ciudadanos sujetos de derechos<\/q>.<\/p>\n<p>El ministro Murillo inform\u00f3 que viajar\u00e1 junto con el embajador de Colombia en Washington, Daniel Garc\u00eda-Pe\u00f1a, para\u00a0<q>sostener reuniones de alto nivel que le den seguimiento a los acuerdos, resultado del trabajo conjunto que llev\u00f3 al intercambio de notas diplom\u00e1ticas entre los dos gobiernos<\/q>.<\/p>\n<p>Los dos pa\u00edses, horas antes, se enfrascaron en una disputa comercial al incrementar mutuamente los aranceles luego de que Petro desautoriz\u00f3 el aterrizaje de dos aeronaves militares estadunidenses con deportados colombianos que permanec\u00edan de manera irregular en ese pa\u00eds.<\/p>\n<p>No hubo ruptura de relaciones diplom\u00e1ticas, pero s\u00ed fue un hito en la historia entre estos dos pa\u00edses, el haber llegado a una confrontaci\u00f3n comercial de insospechados resultados: Colombia y Estados Unidos nunca en su historia hab\u00edan escalado a tal nivel de deterioro sus v\u00ednculos como ayer, hecho que, sin duda, puso en riesgo el futuro del pa\u00eds sudamericano por ser el m\u00e1s vulnerable en este\u00a0<q>conflicto<\/q>.<\/p>\n<p>Trump, tras la decisi\u00f3n unilateral de deportar en aviones militares a varias decenas de colombianos que viv\u00edan sin papeles en Estados Unidos, encontr\u00f3 en Petro un contundente rechazo y el reclamo a Washington de un trato basado en el respeto a los derechos humanos y la dignidad de las personas.<\/p>\n<p><q>No puedo hacer que los migrantes se queden en un pa\u00eds que no los quiere, pero si los devuelven, debe ser con dignidad y respeto hacia ellos y hacia nuestra naci\u00f3n<\/q>, escribi\u00f3 en su cuenta de X.<\/p>\n<p>Petro, primer mandatario de izquierda que gobierna Colombia en su trasegar republicano, lejos de eufemismos, muy \u00fatiles en el lenguaje diplom\u00e1tico, no escondi\u00f3 su malestar con la decisi\u00f3n de la Casa Blanca y hab\u00eda escrito horas antes que \u201cun migrante no es un delincuente y debe ser tratado con la dignidad de su (sic) ser humano. Por eso hice devolver los aviones militares estadunidenses.<\/p>\n<p><q>Colombia se respeta<\/q>, hab\u00eda dicho Petro, tras sostener que los colombianos deben ser deportados\u00a0<q>en aviones civiles, sin trato de delincuentes recibiremos a nuestros connacionales<\/q>.<\/p>\n","protected":false},"excerpt":{"rendered":"<p>El gobierno del presidente de Colombia, Gustavo Petro, inform\u00f3 anoche que la crisis diplom\u00e1tica con Estados Unidos qued\u00f3 superada, luego<\/p>\n","protected":false},"author":4,"featured_media":55440,"comment_status":"closed","ping_status":"closed","sticky":false,"template":"","format":"standard","meta":{"colormag_page_container_layout":"default_layout","colormag_page_sidebar_layout":"default_layout","_jetpack_memberships_contains_paid_content":false,"footnotes":"","jetpack_publicize_message":"","jetpack_publicize_feature_enabled":true,"jetpack_social_post_already_shared":false,"jetpack_social_options":{"image_generator_settings":{"template":"highway","default_image_id":0,"font":"","enabled":false},"version":2}},"categories":[28],"tags":[],"class_list":["post-55439","post","type-post","status-publish","format-standard","has-post-thumbnail","hentry","category-internacional"],"jetpack_publicize_connections":[],"jetpack_featured_media_url":"https:\/\/i0.wp.com\/politicosaldesnudo.com.mx\/wp-content\/uploads\/2025\/01\/acuerdo-entre-eu-y-colombia-frena-guerra-arancelaria.jpg?fit=1100%2C644&ssl=1","jetpack-related-posts":[],"jetpack_sharing_enabled":true,"_links":{"self":[{"href":"https:\/\/politicosaldesnudo.com.mx\/index.php\/wp-json\/wp\/v2\/posts\/55439","targetHints":{"allow":["GET"]}}],"collection":[{"href":"https:\/\/politicosaldesnudo.com.mx\/index.php\/wp-json\/wp\/v2\/posts"}],"about":[{"href":"https:\/\/politicosaldesnudo.com.mx\/index.php\/wp-json\/wp\/v2\/types\/post"}],"author":[{"embeddable":true,"href":"https:\/\/politicosaldesnudo.com.mx\/index.php\/wp-json\/wp\/v2\/users\/4"}],"replies":[{"embeddable":true,"href":"https:\/\/politicosaldesnudo.com.mx\/index.php\/wp-json\/wp\/v2\/comments?post=55439"}],"version-history":[{"count":0,"href":"https:\/\/politicosaldesnudo.com.mx\/index.php\/wp-json\/wp\/v2\/posts\/55439\/revisions"}],"wp:featuredmedia":[{"embeddable":true,"href":"https:\/\/politicosaldesnudo.com.mx\/index.php\/wp-json\/wp\/v2\/media\/55440"}],"wp:attachment":[{"href":"https:\/\/politicosaldesnudo.com.mx\/index.php\/wp-json\/wp\/v2\/media?parent=55439"}],"wp:term":[{"taxonomy":"category","embeddable":true,"href":"https:\/\/politicosaldesnudo.com.mx\/index.php\/wp-json\/wp\/v2\/categories?post=55439"},{"taxonomy":"post_tag","embeddable":true,"href":"https:\/\/politicosaldesnudo.com.mx\/index.php\/wp-json\/wp\/v2\/tags?post=55439"}],"curies":[{"name":"wp","href":"https:\/\/api.w.org\/{rel}","templated":true}]}}