{"id":55455,"date":"2025-01-29T00:01:39","date_gmt":"2025-01-29T06:01:39","guid":{"rendered":"https:\/\/politicosaldesnudo.com.mx\/?p=55455"},"modified":"2025-01-28T22:05:12","modified_gmt":"2025-01-29T04:05:12","slug":"avanzan-trabajos-en-fuga-de-agua","status":"publish","type":"post","link":"https:\/\/politicosaldesnudo.com.mx\/index.php\/2025\/01\/29\/avanzan-trabajos-en-fuga-de-agua\/","title":{"rendered":"Avanzan trabajos en fuga de agua"},"content":{"rendered":"<p>Personal de la CAEV atiende la reparaci\u00f3n de la fuga de agua potable que se registr\u00f3 en la comunidad de Alto Lucero de esta ciudad, misma que ya fue controlada.<\/p>\n<p>El hecho provoc\u00f3 la suspensi\u00f3n temporal del suministro del vital l\u00edquido para el Sector Colonias y Sector Centro.<\/p>\n<p>La l\u00ednea de distribuci\u00f3n fue afectada por una empresa particular que lleva a cabo la pavimentaci\u00f3n de la calle Lorenzo Anz\u00faa, de la colonia Emiliano Zapata de esta localidad.<\/p>\n<p>La oficina operadora de la CAEV calcula que, en el transcurso de este mi\u00e9rcoles, se restablecer\u00e1 el abastecimiento con normalidad.<\/p>\n<p>La Comisi\u00f3n del Agua del Estado de Veracruz agradece a los usuarios la comprensi\u00f3n y exhorta a utilizar el agua de manera responsable.<\/p>\n","protected":false},"excerpt":{"rendered":"<p>Personal de la CAEV atiende la reparaci\u00f3n de la fuga de agua potable que se registr\u00f3 en la comunidad de<\/p>\n","protected":false},"author":4,"featured_media":55456,"comment_status":"closed","ping_status":"closed","sticky":false,"template":"","format":"standard","meta":{"colormag_page_container_layout":"default_layout","colormag_page_sidebar_layout":"default_layout","_jetpack_memberships_contains_paid_content":false,"footnotes":"","jetpack_publicize_message":"","jetpack_publicize_feature_enabled":true,"jetpack_social_post_already_shared":false,"jetpack_social_options":{"image_generator_settings":{"template":"highway","default_image_id":0,"font":"","enabled":false},"version":2}},"categories":[1082],"tags":[],"class_list":["post-55455","post","type-post","status-publish","format-standard","has-post-thumbnail","hentry","category-tuxpan"],"jetpack_publicize_connections":[],"jetpack_featured_media_url":"https:\/\/i0.wp.com\/politicosaldesnudo.com.mx\/wp-content\/uploads\/2025\/01\/3b-9.jpg?fit=1200%2C678&ssl=1","jetpack-related-posts":[],"jetpack_sharing_enabled":true,"_links":{"self":[{"href":"https:\/\/politicosaldesnudo.com.mx\/index.php\/wp-json\/wp\/v2\/posts\/55455","targetHints":{"allow":["GET"]}}],"collection":[{"href":"https:\/\/politicosaldesnudo.com.mx\/index.php\/wp-json\/wp\/v2\/posts"}],"about":[{"href":"https:\/\/politicosaldesnudo.com.mx\/index.php\/wp-json\/wp\/v2\/types\/post"}],"author":[{"embeddable":true,"href":"https:\/\/politicosaldesnudo.com.mx\/index.php\/wp-json\/wp\/v2\/users\/4"}],"replies":[{"embeddable":true,"href":"https:\/\/politicosaldesnudo.com.mx\/index.php\/wp-json\/wp\/v2\/comments?post=55455"}],"version-history":[{"count":0,"href":"https:\/\/politicosaldesnudo.com.mx\/index.php\/wp-json\/wp\/v2\/posts\/55455\/revisions"}],"wp:featuredmedia":[{"embeddable":true,"href":"https:\/\/politicosaldesnudo.com.mx\/index.php\/wp-json\/wp\/v2\/media\/55456"}],"wp:attachment":[{"href":"https:\/\/politicosaldesnudo.com.mx\/index.php\/wp-json\/wp\/v2\/media?parent=55455"}],"wp:term":[{"taxonomy":"category","embeddable":true,"href":"https:\/\/politicosaldesnudo.com.mx\/index.php\/wp-json\/wp\/v2\/categories?post=55455"},{"taxonomy":"post_tag","embeddable":true,"href":"https:\/\/politicosaldesnudo.com.mx\/index.php\/wp-json\/wp\/v2\/tags?post=55455"}],"curies":[{"name":"wp","href":"https:\/\/api.w.org\/{rel}","templated":true}]}}