{"id":55461,"date":"2025-01-29T00:03:36","date_gmt":"2025-01-29T06:03:36","guid":{"rendered":"https:\/\/politicosaldesnudo.com.mx\/?p=55461"},"modified":"2025-01-28T22:10:25","modified_gmt":"2025-01-29T04:10:25","slug":"celebran-100-anos-de-canaco-servytur","status":"publish","type":"post","link":"https:\/\/politicosaldesnudo.com.mx\/index.php\/2025\/01\/29\/celebran-100-anos-de-canaco-servytur\/","title":{"rendered":"Celebran 100 a\u00f1os de Canaco Servytur"},"content":{"rendered":"<p>La C\u00e1mara Nacional de Comercio, Servicios y Turismo (Canaco Servytur) de Tuxpan celebr\u00f3 un siglo de historia en un evento que reuni\u00f3 a empresarios, autoridades locales y nacionales, destacando la importancia de esta instituci\u00f3n como un pilar en el desarrollo econ\u00f3mico y social de la regi\u00f3n.<\/p>\n<p>Durante la ceremonia, Ra\u00fal Pati\u00f1o Blanco, presidente de Canaco Servytur Tuxpan, destac\u00f3 la relevancia de reconocer a los comercios que, a lo largo de los a\u00f1os, han sido motor de la econom\u00eda local. \u00abHoy es un d\u00eda para conmemorar no solo los 100 a\u00f1os de la C\u00e1mara, sino para reconocer a todos los negocios que han prevalecido y han contribuido al desarrollo de Tuxpan. Somos las pymes quienes generamos la mayor parte de los empleos en el pa\u00eds, y este aniversario celebra ese esfuerzo colectivo\u00bb, se\u00f1al\u00f3.<\/p>\n<p>En su discurso, Pati\u00f1o Blanco relat\u00f3 c\u00f3mo la C\u00e1mara encontr\u00f3 recientemente documentos hist\u00f3ricos que validan su fundaci\u00f3n en 1921. A lo largo de un siglo, 67 presidentes han liderado la instituci\u00f3n, enfrentando retos y adapt\u00e1ndose a los cambios, con el objetivo de representar y proteger los intereses del sector comercial y tur\u00edstico de Tuxpan.<\/p>\n<p>El evento cont\u00f3 con la presencia de diversas personalidades, entre ellas Octavio de la Torre Estefano, presidente de la Confederaci\u00f3n de C\u00e1maras Nacionales de Comercio, Servicios y Turismo (Concanaco Servytur). En su intervenci\u00f3n, resalt\u00f3 el impacto hist\u00f3rico de la C\u00e1mara: \u00abDesde su fundaci\u00f3n, esta instituci\u00f3n ha sido un pilar fundamental del desarrollo econ\u00f3mico y social de esta ciudad. Su labor ha trascendido generaciones, marcando un ejemplo de liderazgo y trabajo colectivo capaz de superar cualquier adversidad\u00bb.<\/p>\n<p>La celebraci\u00f3n tambi\u00e9n fue una oportunidad para reconocer a los comerciantes que han transmitido sus negocios de generaci\u00f3n en generaci\u00f3n, fortaleciendo la econom\u00eda local y fomentando el empleo. \u00abHoy hacemos historia. Invito a todos los presentes a seguir siendo parte de esta C\u00e1mara, un s\u00edmbolo de \u00e9xito, solidaridad y crecimiento\u00bb, concluy\u00f3 Pati\u00f1o Blanco.<\/p>\n","protected":false},"excerpt":{"rendered":"<p>La C\u00e1mara Nacional de Comercio, Servicios y Turismo (Canaco Servytur) de Tuxpan celebr\u00f3 un siglo de historia en un evento<\/p>\n","protected":false},"author":4,"featured_media":55462,"comment_status":"closed","ping_status":"closed","sticky":false,"template":"","format":"standard","meta":{"colormag_page_container_layout":"default_layout","colormag_page_sidebar_layout":"default_layout","_jetpack_memberships_contains_paid_content":false,"footnotes":"","jetpack_publicize_message":"","jetpack_publicize_feature_enabled":true,"jetpack_social_post_already_shared":false,"jetpack_social_options":{"image_generator_settings":{"template":"highway","default_image_id":0,"font":"","enabled":false},"version":2}},"categories":[1082],"tags":[],"class_list":["post-55461","post","type-post","status-publish","format-standard","has-post-thumbnail","hentry","category-tuxpan"],"jetpack_publicize_connections":[],"jetpack_featured_media_url":"https:\/\/i0.wp.com\/politicosaldesnudo.com.mx\/wp-content\/uploads\/2025\/01\/4c-8.jpg?fit=1540%2C1084&ssl=1","jetpack-related-posts":[],"jetpack_sharing_enabled":true,"_links":{"self":[{"href":"https:\/\/politicosaldesnudo.com.mx\/index.php\/wp-json\/wp\/v2\/posts\/55461","targetHints":{"allow":["GET"]}}],"collection":[{"href":"https:\/\/politicosaldesnudo.com.mx\/index.php\/wp-json\/wp\/v2\/posts"}],"about":[{"href":"https:\/\/politicosaldesnudo.com.mx\/index.php\/wp-json\/wp\/v2\/types\/post"}],"author":[{"embeddable":true,"href":"https:\/\/politicosaldesnudo.com.mx\/index.php\/wp-json\/wp\/v2\/users\/4"}],"replies":[{"embeddable":true,"href":"https:\/\/politicosaldesnudo.com.mx\/index.php\/wp-json\/wp\/v2\/comments?post=55461"}],"version-history":[{"count":0,"href":"https:\/\/politicosaldesnudo.com.mx\/index.php\/wp-json\/wp\/v2\/posts\/55461\/revisions"}],"wp:featuredmedia":[{"embeddable":true,"href":"https:\/\/politicosaldesnudo.com.mx\/index.php\/wp-json\/wp\/v2\/media\/55462"}],"wp:attachment":[{"href":"https:\/\/politicosaldesnudo.com.mx\/index.php\/wp-json\/wp\/v2\/media?parent=55461"}],"wp:term":[{"taxonomy":"category","embeddable":true,"href":"https:\/\/politicosaldesnudo.com.mx\/index.php\/wp-json\/wp\/v2\/categories?post=55461"},{"taxonomy":"post_tag","embeddable":true,"href":"https:\/\/politicosaldesnudo.com.mx\/index.php\/wp-json\/wp\/v2\/tags?post=55461"}],"curies":[{"name":"wp","href":"https:\/\/api.w.org\/{rel}","templated":true}]}}