{"id":55470,"date":"2025-01-29T00:06:22","date_gmt":"2025-01-29T06:06:22","guid":{"rendered":"https:\/\/politicosaldesnudo.com.mx\/?p=55470"},"modified":"2025-01-28T22:31:48","modified_gmt":"2025-01-29T04:31:48","slug":"revisara-tepjf-nuevas-impugnaciones-de-aspirantes-a-cargo-judicial-rechazados","status":"publish","type":"post","link":"https:\/\/politicosaldesnudo.com.mx\/index.php\/2025\/01\/29\/revisara-tepjf-nuevas-impugnaciones-de-aspirantes-a-cargo-judicial-rechazados\/","title":{"rendered":"Revisar\u00e1 TEPJF nuevas impugnaciones de aspirantes a cargo judicial rechazados"},"content":{"rendered":"<p class=\"western\">La Sala Superior del Tribunal Electoral del Poder Judicial de la Federaci\u00f3n (TEPJF) revisar\u00e1 ma\u00f1ana un nuevo paquete de impugnaciones de aspirantes rechazados por el Comit\u00e9 de Evaluaci\u00f3n del Poder Judicial, lo que suma incertidumbre en cuanto al destino de las personas que se inscribieron en esa instancia.<\/p>\n<p class=\"western\">Hasta el momento, de 88 asuntos enlistados para la sesi\u00f3n p\u00fablica, 66 son de este asunto, directamente por determinaciones del citado Comit\u00e9, y 8 relacionados con decisiones del comit\u00e9 del Poder Ejecutivo.<\/p>\n<p class=\"western\">La semana pasada se dio la raz\u00f3n a casi un tercio de las impugnaciones, pues de 383 medios de impugnaci\u00f3n, se orden\u00f3 la incorporaci\u00f3n al proceso de 112 aspirantes.<\/p>\n<p class=\"western\">El magistrado Reyes Reyes propuso entonces modificar criterios, por ejemplo, si el aspirante entreg\u00f3 ensayos menores a las tres cuartillas o si el promedio general se puede acreditar con los posgrados; la propuesta no fue admitida por la mayor\u00eda del Pleno. Ahora insistir\u00e1 en flexibilizar requisitos acad\u00e9micos.<\/p>\n<p class=\"western\"><strong>Fiscalizaci\u00f3n de ingresos y gastos<\/strong><\/p>\n<p class=\"western\">En tanto, el INE contin\u00faa con la organizaci\u00f3n de la elecci\u00f3n judicial, y se alista para someter ma\u00f1ana a votaci\u00f3n del consejo general los lineamientos para la fiscalizaci\u00f3n de esta contienda extraordinaria.<\/p>\n<div id=\"article-content-tts\" class=\"nota-contenido mb-5\">\n<div id=\"content_nitf\">\n<p class=\"western\">Tambi\u00e9n se aprobar\u00e1 el dise\u00f1o y la impresi\u00f3n de boletas para la votaci\u00f3n de magistrados de circuito y jueces de distrito.<\/p>\n<p class=\"western\">Asimismo, se definir\u00e1 el lugar en el que deber\u00e1 marcarse la credencial para votar, correspondiente al sufragio de la elecci\u00f3n judicial; el voto de personas en imposibilidad f\u00edsica de ir a votar en casilla; mecanismo de acreditaci\u00f3n de observadores, y los planes de difusi\u00f3n de los promocionales sobre las candidaturas de esta misma elecci\u00f3n extraordinaria.<\/p>\n<p class=\"western\">A su vez, el grupo de Operaci\u00f3n en Campo analiz\u00f3 ayer los mecanismos para expedir credenciales de elector a personas en situaci\u00f3n de prisi\u00f3n preventiva, y revis\u00f3 el procedimiento de reseccionamiento 2025-2026, es decir, las \u00e1reas geogr\u00e1ficas m\u00e1s peque\u00f1as en las que est\u00e1 dividido el pa\u00eds en t\u00e9rminos electorales.<\/p>\n<p class=\"western\">Al mismo tiempo el INE avanza en la coordinaci\u00f3n con los institutos electorales estatales de Veracruz y Durango, donde se realizar\u00e1n adem\u00e1s, tambi\u00e9n el 1 de junio, elecciones municipales.<\/p>\n<\/div>\n<\/div>\n<div class=\"notas-relacionadas\"><\/div>\n<div class=\"nota-tags\"><\/div>\n","protected":false},"excerpt":{"rendered":"<p>La Sala Superior del Tribunal Electoral del Poder Judicial de la Federaci\u00f3n (TEPJF) revisar\u00e1 ma\u00f1ana un nuevo paquete de impugnaciones<\/p>\n","protected":false},"author":4,"featured_media":55471,"comment_status":"closed","ping_status":"closed","sticky":false,"template":"","format":"standard","meta":{"colormag_page_container_layout":"default_layout","colormag_page_sidebar_layout":"default_layout","_jetpack_memberships_contains_paid_content":false,"footnotes":"","jetpack_publicize_message":"","jetpack_publicize_feature_enabled":true,"jetpack_social_post_already_shared":false,"jetpack_social_options":{"image_generator_settings":{"template":"highway","default_image_id":0,"font":"","enabled":false},"version":2}},"categories":[33],"tags":[],"class_list":["post-55470","post","type-post","status-publish","format-standard","has-post-thumbnail","hentry","category-nacional"],"jetpack_publicize_connections":[],"jetpack_featured_media_url":"https:\/\/i0.wp.com\/politicosaldesnudo.com.mx\/wp-content\/uploads\/2025\/01\/AA1xKyIk.jpg?fit=1024%2C768&ssl=1","jetpack-related-posts":[],"jetpack_sharing_enabled":true,"_links":{"self":[{"href":"https:\/\/politicosaldesnudo.com.mx\/index.php\/wp-json\/wp\/v2\/posts\/55470","targetHints":{"allow":["GET"]}}],"collection":[{"href":"https:\/\/politicosaldesnudo.com.mx\/index.php\/wp-json\/wp\/v2\/posts"}],"about":[{"href":"https:\/\/politicosaldesnudo.com.mx\/index.php\/wp-json\/wp\/v2\/types\/post"}],"author":[{"embeddable":true,"href":"https:\/\/politicosaldesnudo.com.mx\/index.php\/wp-json\/wp\/v2\/users\/4"}],"replies":[{"embeddable":true,"href":"https:\/\/politicosaldesnudo.com.mx\/index.php\/wp-json\/wp\/v2\/comments?post=55470"}],"version-history":[{"count":0,"href":"https:\/\/politicosaldesnudo.com.mx\/index.php\/wp-json\/wp\/v2\/posts\/55470\/revisions"}],"wp:featuredmedia":[{"embeddable":true,"href":"https:\/\/politicosaldesnudo.com.mx\/index.php\/wp-json\/wp\/v2\/media\/55471"}],"wp:attachment":[{"href":"https:\/\/politicosaldesnudo.com.mx\/index.php\/wp-json\/wp\/v2\/media?parent=55470"}],"wp:term":[{"taxonomy":"category","embeddable":true,"href":"https:\/\/politicosaldesnudo.com.mx\/index.php\/wp-json\/wp\/v2\/categories?post=55470"},{"taxonomy":"post_tag","embeddable":true,"href":"https:\/\/politicosaldesnudo.com.mx\/index.php\/wp-json\/wp\/v2\/tags?post=55470"}],"curies":[{"name":"wp","href":"https:\/\/api.w.org\/{rel}","templated":true}]}}