{"id":55473,"date":"2025-01-29T00:07:07","date_gmt":"2025-01-29T06:07:07","guid":{"rendered":"https:\/\/politicosaldesnudo.com.mx\/?p=55473"},"modified":"2025-01-28T22:34:54","modified_gmt":"2025-01-29T04:34:54","slug":"defiende-esteban-moctezuma-su-labor-al-frente-de-embajada-de-mexico-en-eu","status":"publish","type":"post","link":"https:\/\/politicosaldesnudo.com.mx\/index.php\/2025\/01\/29\/defiende-esteban-moctezuma-su-labor-al-frente-de-embajada-de-mexico-en-eu\/","title":{"rendered":"Defiende Esteban Moctezuma su labor al frente de embajada de M\u00e9xico en EU"},"content":{"rendered":"<p class=\"western\">Con un llamado a la unidad nacional para hacer frente a los retos de las pol\u00edticas del presidente Donald Trump, el embajador de M\u00e9xico en Estados Unidos, Esteban Moctezuma Barrag\u00e1n defendi\u00f3 este martes su labor y se\u00f1al\u00f3 que la presidenta Claudia Sheinbaum Pardo ha decido que \u00e9l se mantenga al frente de la Embajada.<\/p>\n<p class=\"western\">\u201cElla determin\u00f3 por el momento mi permanencia en la embajada para decidir precisamente en funci\u00f3n de los nuevos tiempos y sus exigencias\u201d, dijo el diplom\u00e1tico en un video en la plataforma X.<\/p>\n<p class=\"western\">\u201cMi decisi\u00f3n ante la presidenta fue seguir haciendo y apoyando en lo que me solicite, porque soy un soldado de M\u00e9xico y vivimos momentos que invitan a la unidad de todos para defender a nuestra gente y a nuestros intereses nacionales. Me ha pedido apoyarla y as\u00ed ser\u00e1. Un d\u00eda, un mes, un a\u00f1o m\u00e1s, ella lo decidir\u00e1 en funci\u00f3n de lo que M\u00e9xico necesite, porque no es tiempo de vanidades ni de actitudes ego\u00edstas\u201d, asever\u00f3.<\/p>\n<p class=\"western\">Sostuvo que como titular de la delegaci\u00f3n diplom\u00e1tica mexicana en Washington, puesto que ocupa desde 2021, su \u201cresponsabilidad y convicci\u00f3n es dar la cara por M\u00e9xico, por sus logros sociales, por su promoci\u00f3n econ\u00f3mica tur\u00edstica, pero sobre todo, dar la cara por nuestra gente\u201d.<\/p>\n<p class=\"western\">\u201cCumpl\u00ed frente al gobierno de Biden, no obstante las complejas condiciones en que encontr\u00e9 la relaci\u00f3n bilateral\u201d, agreg\u00f3 Moctezuma Barrag\u00e1n, quien se\u00f1al\u00f3 que durante ese periodo se concretaron cuatro encuentros entre el entonces mandatario estadounidense y el ahora ex presidente Andr\u00e9s Manuel L\u00f3pez Obrador<\/p>\n<p class=\"western\">A\u00f1adi\u00f3 que \u201ccomo pocos lo han hecho\u201d, \u00e9l ha visitado los centros de detenci\u00f3n de migrantes y los campos agr\u00edcolas donde trabajan los mexicanos.<\/p>\n<p class=\"western\">\u201c\u00bfY por qu\u00e9 todo esto? Porque creo en Norteam\u00e9rica, creo que M\u00e9xico debe defender sus intereses como parte de una regi\u00f3n productiva y sobre todo una regi\u00f3n que impulse valores humanistas. Nuestra relaci\u00f3n econ\u00f3mica con Estados Unidos significa casi la mitad de nuestro producto interno bruto y lo tenemos que cuidar siempre porque eso es la fuente del mayor empleo posible en M\u00e9xico. Y lo m\u00e1s importante tambi\u00e9n, casi 40 millones de habitantes de este pa\u00eds, de Estados Unidos, tienen ascendencia mexicana\u201d, agreg\u00f3.<\/p>\n<p class=\"western\">\u201cUnidad, M\u00e9xico, unidad es lo que necesitamos y lo que en alguna \u00e9poca nos ha hecho falta en nuestra historia, por cierto. Aqu\u00ed no estamos valorando futuros personales, aqu\u00ed no importan las carreras individuales o las pretensiones pol\u00edticas propias\u201d, sostuvo.<\/p>\n<p class=\"western\">Sostuvo que en la relaci\u00f3n con el pa\u00eds vecino \u201chabr\u00e1 momentos dif\u00edciles y tambi\u00e9n alentadores\u201d, pero opin\u00f3 que a M\u00e9xico le va a ir bien, pues los integrantes del gobierno de Sheinbaum Pardo \u201cnos preparamos para transitar el cambio de paradigma sobre el papel de Estados Unidos en el mundo que impulsa el presidente Donald Trump\u201d.<\/p>\n<p class=\"western\">\u201cA lo largo del trabajo bilateral y cuando salgan a la luz las aportaciones de nuestros con nacionales a la vida diaria estadounidense, aqu\u00ed en Estados Unidos ir\u00e1 quedando claro que M\u00e9xico no es el problema, sino parte importante de la soluci\u00f3n\u201d.<\/p>\n","protected":false},"excerpt":{"rendered":"<p>Con un llamado a la unidad nacional para hacer frente a los retos de las pol\u00edticas del presidente Donald Trump,<\/p>\n","protected":false},"author":4,"featured_media":55474,"comment_status":"closed","ping_status":"closed","sticky":false,"template":"","format":"standard","meta":{"colormag_page_container_layout":"default_layout","colormag_page_sidebar_layout":"default_layout","_jetpack_memberships_contains_paid_content":false,"footnotes":"","jetpack_publicize_message":"","jetpack_publicize_feature_enabled":true,"jetpack_social_post_already_shared":false,"jetpack_social_options":{"image_generator_settings":{"template":"highway","default_image_id":0,"font":"","enabled":false},"version":2}},"categories":[33],"tags":[],"class_list":["post-55473","post","type-post","status-publish","format-standard","has-post-thumbnail","hentry","category-nacional"],"jetpack_publicize_connections":[],"jetpack_featured_media_url":"https:\/\/i0.wp.com\/politicosaldesnudo.com.mx\/wp-content\/uploads\/2025\/01\/f425x230-678007_691989_5384.jpg?fit=425%2C230&ssl=1","jetpack-related-posts":[],"jetpack_sharing_enabled":true,"_links":{"self":[{"href":"https:\/\/politicosaldesnudo.com.mx\/index.php\/wp-json\/wp\/v2\/posts\/55473","targetHints":{"allow":["GET"]}}],"collection":[{"href":"https:\/\/politicosaldesnudo.com.mx\/index.php\/wp-json\/wp\/v2\/posts"}],"about":[{"href":"https:\/\/politicosaldesnudo.com.mx\/index.php\/wp-json\/wp\/v2\/types\/post"}],"author":[{"embeddable":true,"href":"https:\/\/politicosaldesnudo.com.mx\/index.php\/wp-json\/wp\/v2\/users\/4"}],"replies":[{"embeddable":true,"href":"https:\/\/politicosaldesnudo.com.mx\/index.php\/wp-json\/wp\/v2\/comments?post=55473"}],"version-history":[{"count":0,"href":"https:\/\/politicosaldesnudo.com.mx\/index.php\/wp-json\/wp\/v2\/posts\/55473\/revisions"}],"wp:featuredmedia":[{"embeddable":true,"href":"https:\/\/politicosaldesnudo.com.mx\/index.php\/wp-json\/wp\/v2\/media\/55474"}],"wp:attachment":[{"href":"https:\/\/politicosaldesnudo.com.mx\/index.php\/wp-json\/wp\/v2\/media?parent=55473"}],"wp:term":[{"taxonomy":"category","embeddable":true,"href":"https:\/\/politicosaldesnudo.com.mx\/index.php\/wp-json\/wp\/v2\/categories?post=55473"},{"taxonomy":"post_tag","embeddable":true,"href":"https:\/\/politicosaldesnudo.com.mx\/index.php\/wp-json\/wp\/v2\/tags?post=55473"}],"curies":[{"name":"wp","href":"https:\/\/api.w.org\/{rel}","templated":true}]}}