{"id":55476,"date":"2025-01-29T00:08:28","date_gmt":"2025-01-29T06:08:28","guid":{"rendered":"https:\/\/politicosaldesnudo.com.mx\/?p=55476"},"modified":"2025-01-28T22:37:04","modified_gmt":"2025-01-29T04:37:04","slug":"no-debe-la-politica-exterior-basarse-en-amenazas-francisco-andre","status":"publish","type":"post","link":"https:\/\/politicosaldesnudo.com.mx\/index.php\/2025\/01\/29\/no-debe-la-politica-exterior-basarse-en-amenazas-francisco-andre\/","title":{"rendered":"No debe la pol\u00edtica exterior basarse en amenazas: Francisco Andr\u00e9"},"content":{"rendered":"<p class=\"western\">La pol\u00edtica exterior no debe basarse en amenazas, sino en la cooperaci\u00f3n para buscar el beneficio mutuo y la prosperidad compartida, resalt\u00f3 el embajador de la Uni\u00f3n Europea (UE) en M\u00e9xico, Francisco Andr\u00e9, en el Senado.<\/p>\n<p class=\"western\">Durante la instalaci\u00f3n en esa c\u00e1mara de la Comisi\u00f3n Parlamentaria Mixta M\u00e9xico-Uni\u00f3n Europea, resalt\u00f3 que en el mundo \u201cno puede regir la ley del m\u00e1s fuerte y todos las naciones tienen el derecho a elegir los derroteros por los que ir\u00e1n\u201d.<\/p>\n<p class=\"western\">Sin que nadie se refiriera por su nombre al presidente de Estados Unidos, Donald Trump, en los discursos de legisladores mexicanos y europeos, hubo alusiones a las medidas tomadas por el magnate. \u201cQueremos m\u00e1s soberan\u00eda y libre determinaci\u00f3n de los pueblos y la integridad territorial como principios b\u00e1sicos para existir\u201d, recalc\u00f3 el embajador Andr\u00e9.<\/p>\n<p class=\"western\">Expuso que la UE es amiga de M\u00e9xico y record\u00f3 que el acuerdo global de comercio entre esa uni\u00f3n europea y nuestro pa\u00eds cumple 25 a\u00f1os y ha habido un avance importante en la conclusi\u00f3n de las negociaciones para modernizarlo. \u201chay que seguir trabajando para la firma del mismo\u201d, ya que una vez que entre en vigor, \u201cse eliminar\u00e1n los aranceles para que m\u00e1s productos agr\u00edcolas mexicanos puedan entrar al mercado europeo\u201d.<\/p>\n<p class=\"western\">El presidente del Senado, Gerardo Fern\u00e1ndez Noro\u00f1a, celebr\u00f3 la instalaci\u00f3n de la Comisi\u00f3n Parlamentaria Mixta, por su importancia de tender puentes de comunicaci\u00f3n, de intercambio y de acercamiento con los diferentes gobiernos y pueblos del mundo, sobre todo en momentos en que \u201cen pleno siglo XXI resurge el fascismo\u201d.<\/p>\n<p class=\"western\">Es grave, agreg\u00f3, que haya jefes de Estado que hagan de esa visi\u00f3n una pol\u00edtica p\u00fablica y que se persiga a seres humanos que lo \u00fanico que quieren es una oportunidad de salir adelante. Es, agreg\u00f3, igualmente grave \u201cque las pol\u00edticas p\u00fablicas se usen electoralmente, para generar tensiones e imponer pol\u00edticas totalmente ilegales y arbitrarias a otras naciones\u201d.<\/p>\n<p class=\"western\">Fern\u00e1ndez Noro\u00f1a hizo notar en esa reuni\u00f3n a la que asistieron los embajadores de Francia, Espa\u00f1a, y de otros pa\u00edses del continente europeo que \u201cpara nuestro gobierno la defensa de la independencia y de la soberan\u00eda es fundamental; no pensamos movernos ni un mil\u00edmetro\u201d.<\/p>\n<p class=\"western\">Se trata, indic\u00f3, de la defensa de nuestro pueblo migrante, que por millones se encuentra en Estados Unidos, que lleva d\u00e9cadas en aquel lado de la frontera, que han aportado su esfuerzo, trabajo y millones de d\u00f3lares a la riqueza del vecino pa\u00eds y son perseguidos como si fuesen delincuentes.<\/p>\n<p class=\"western\">\u201cHago votos para que esta reuni\u00f3n avance en los temas de fondo y aborde los asuntos que son de preocupaci\u00f3n. Hay nubarrones fascistas muy fuertes que rondan por el mundo, pero yo conf\u00edo en la fuerza de nuestros pueblos, que es el motor fundamental de las transformaciones\u201d, subray\u00f3.<\/p>\n<p class=\"western\">Por su parte, la subsecretaria de Relaciones Exteriores, Mar\u00eda Teresa Mercado P\u00e9rez dijo que hay voluntad de avanzar hacia un futuro de prosperidad compartida , que la canciller\u00eda acompa\u00f1ar\u00e1 a esa Comisi\u00f3n Parlamentaria Mixta M\u00e9xico. Uni\u00f3n Europea, para que tenga el mayor de los \u00e9xitos.<\/p>\n<p class=\"western\">A su vez, la presidenta de esa comisi\u00f3n, la senadora de Morena, la senadora Beatriz Silvia Robles Guti\u00e9rrez, destac\u00f3 que en el \u00e1mbito comercial la UE es el tercer socio comercial de M\u00e9xico con un intercambio que asciende a m\u00e1s de 75 mil millones de euros anuales.<\/p>\n<p class=\"western\">Adem\u00e1s, agreg\u00f3, UE es el segundo inversionista en nuestro pa\u00eds, por lo que hay oportunidad para fortalecer los mercados y fomentar la innovaci\u00f3n en sectores como energ\u00edas limpias.<\/p>\n<p class=\"western\">Participaron legisladores mexicanos de todas las fuerzas pol\u00edticas y la \u00fanica voz discordante fue la del panista Marko Cort\u00e9s quien aprovech\u00f3 para sostener que en M\u00e9xico \u201chay un verdadero ataque a la divisi\u00f3n de poderes y al poder judicial. \u201cHasta en t\u00f3mbola, imag\u00ednense, se va a decidir qui\u00e9n es juez, magistrado y ministro\u201d.<\/p>\n","protected":false},"excerpt":{"rendered":"<p>La pol\u00edtica exterior no debe basarse en amenazas, sino en la cooperaci\u00f3n para buscar el beneficio mutuo y la prosperidad<\/p>\n","protected":false},"author":4,"featured_media":55477,"comment_status":"closed","ping_status":"closed","sticky":false,"template":"","format":"standard","meta":{"colormag_page_container_layout":"default_layout","colormag_page_sidebar_layout":"default_layout","_jetpack_memberships_contains_paid_content":false,"footnotes":"","jetpack_publicize_message":"","jetpack_publicize_feature_enabled":true,"jetpack_social_post_already_shared":false,"jetpack_social_options":{"image_generator_settings":{"template":"highway","default_image_id":0,"font":"","enabled":false},"version":2}},"categories":[33],"tags":[],"class_list":["post-55476","post","type-post","status-publish","format-standard","has-post-thumbnail","hentry","category-nacional"],"jetpack_publicize_connections":[],"jetpack_featured_media_url":"https:\/\/i0.wp.com\/politicosaldesnudo.com.mx\/wp-content\/uploads\/2025\/01\/unioneuropea.jpg?fit=1520%2C1042&ssl=1","jetpack-related-posts":[],"jetpack_sharing_enabled":true,"_links":{"self":[{"href":"https:\/\/politicosaldesnudo.com.mx\/index.php\/wp-json\/wp\/v2\/posts\/55476","targetHints":{"allow":["GET"]}}],"collection":[{"href":"https:\/\/politicosaldesnudo.com.mx\/index.php\/wp-json\/wp\/v2\/posts"}],"about":[{"href":"https:\/\/politicosaldesnudo.com.mx\/index.php\/wp-json\/wp\/v2\/types\/post"}],"author":[{"embeddable":true,"href":"https:\/\/politicosaldesnudo.com.mx\/index.php\/wp-json\/wp\/v2\/users\/4"}],"replies":[{"embeddable":true,"href":"https:\/\/politicosaldesnudo.com.mx\/index.php\/wp-json\/wp\/v2\/comments?post=55476"}],"version-history":[{"count":0,"href":"https:\/\/politicosaldesnudo.com.mx\/index.php\/wp-json\/wp\/v2\/posts\/55476\/revisions"}],"wp:featuredmedia":[{"embeddable":true,"href":"https:\/\/politicosaldesnudo.com.mx\/index.php\/wp-json\/wp\/v2\/media\/55477"}],"wp:attachment":[{"href":"https:\/\/politicosaldesnudo.com.mx\/index.php\/wp-json\/wp\/v2\/media?parent=55476"}],"wp:term":[{"taxonomy":"category","embeddable":true,"href":"https:\/\/politicosaldesnudo.com.mx\/index.php\/wp-json\/wp\/v2\/categories?post=55476"},{"taxonomy":"post_tag","embeddable":true,"href":"https:\/\/politicosaldesnudo.com.mx\/index.php\/wp-json\/wp\/v2\/tags?post=55476"}],"curies":[{"name":"wp","href":"https:\/\/api.w.org\/{rel}","templated":true}]}}