{"id":55503,"date":"2025-01-29T00:17:13","date_gmt":"2025-01-29T06:17:13","guid":{"rendered":"https:\/\/politicosaldesnudo.com.mx\/?p=55503"},"modified":"2025-01-28T22:58:37","modified_gmt":"2025-01-29T04:58:37","slug":"honduras-cancela-reunion-urgente-de-la-celac-por-crisis-de-migracion","status":"publish","type":"post","link":"https:\/\/politicosaldesnudo.com.mx\/index.php\/2025\/01\/29\/honduras-cancela-reunion-urgente-de-la-celac-por-crisis-de-migracion\/","title":{"rendered":"Honduras cancela reuni\u00f3n urgente de la Celac por crisis de migraci\u00f3n"},"content":{"rendered":"<p>La reuni\u00f3n extraordinaria de la Comunidad de Estados Latinoamericanos y Caribe\u00f1os (Celac) prevista para este jueves 30 de enero, que convoc\u00f3 la presidencia pro t\u00e9mpore del organismo, la presidenta de Honduras Xiomara Castro, fue cancelada, inform\u00f3 el Secretario de Relaciones Exteriores hondure\u00f1o, Enrique Reina, en su cuenta de X.<\/p>\n","protected":false},"excerpt":{"rendered":"<p>La reuni\u00f3n extraordinaria de la Comunidad de Estados Latinoamericanos y Caribe\u00f1os (Celac) prevista para este jueves 30 de enero, que<\/p>\n","protected":false},"author":4,"featured_media":55504,"comment_status":"closed","ping_status":"closed","sticky":false,"template":"","format":"standard","meta":{"colormag_page_container_layout":"default_layout","colormag_page_sidebar_layout":"default_layout","_jetpack_memberships_contains_paid_content":false,"footnotes":"","jetpack_publicize_message":"","jetpack_publicize_feature_enabled":true,"jetpack_social_post_already_shared":false,"jetpack_social_options":{"image_generator_settings":{"template":"highway","default_image_id":0,"font":"","enabled":false},"version":2}},"categories":[28],"tags":[],"class_list":["post-55503","post","type-post","status-publish","format-standard","has-post-thumbnail","hentry","category-internacional"],"jetpack_publicize_connections":[],"jetpack_featured_media_url":"https:\/\/i0.wp.com\/politicosaldesnudo.com.mx\/wp-content\/uploads\/2025\/01\/descarga-11.jpg?fit=420%2C280&ssl=1","jetpack-related-posts":[],"jetpack_sharing_enabled":true,"_links":{"self":[{"href":"https:\/\/politicosaldesnudo.com.mx\/index.php\/wp-json\/wp\/v2\/posts\/55503","targetHints":{"allow":["GET"]}}],"collection":[{"href":"https:\/\/politicosaldesnudo.com.mx\/index.php\/wp-json\/wp\/v2\/posts"}],"about":[{"href":"https:\/\/politicosaldesnudo.com.mx\/index.php\/wp-json\/wp\/v2\/types\/post"}],"author":[{"embeddable":true,"href":"https:\/\/politicosaldesnudo.com.mx\/index.php\/wp-json\/wp\/v2\/users\/4"}],"replies":[{"embeddable":true,"href":"https:\/\/politicosaldesnudo.com.mx\/index.php\/wp-json\/wp\/v2\/comments?post=55503"}],"version-history":[{"count":0,"href":"https:\/\/politicosaldesnudo.com.mx\/index.php\/wp-json\/wp\/v2\/posts\/55503\/revisions"}],"wp:featuredmedia":[{"embeddable":true,"href":"https:\/\/politicosaldesnudo.com.mx\/index.php\/wp-json\/wp\/v2\/media\/55504"}],"wp:attachment":[{"href":"https:\/\/politicosaldesnudo.com.mx\/index.php\/wp-json\/wp\/v2\/media?parent=55503"}],"wp:term":[{"taxonomy":"category","embeddable":true,"href":"https:\/\/politicosaldesnudo.com.mx\/index.php\/wp-json\/wp\/v2\/categories?post=55503"},{"taxonomy":"post_tag","embeddable":true,"href":"https:\/\/politicosaldesnudo.com.mx\/index.php\/wp-json\/wp\/v2\/tags?post=55503"}],"curies":[{"name":"wp","href":"https:\/\/api.w.org\/{rel}","templated":true}]}}