{"id":55512,"date":"2025-01-29T00:20:01","date_gmt":"2025-01-29T06:20:01","guid":{"rendered":"https:\/\/politicosaldesnudo.com.mx\/?p=55512"},"modified":"2025-01-28T23:06:22","modified_gmt":"2025-01-29T05:06:22","slug":"despiden-a-fiscales-encargados-de-los-procesos-penales-contra-el-magnate","status":"publish","type":"post","link":"https:\/\/politicosaldesnudo.com.mx\/index.php\/2025\/01\/29\/despiden-a-fiscales-encargados-de-los-procesos-penales-contra-el-magnate\/","title":{"rendered":"Despiden a fiscales encargados de los procesos penales contra el magnate"},"content":{"rendered":"<div class=\"col col1\">\n<p class=\"s-s\">El Departamento de Justicia de Estados Unidos anunci\u00f3 ayer que ces\u00f3 a m\u00e1s de una docena de empleados que trabajaron en procesos penales contra el presidente Donald Trump, al adoptar r\u00e1pidas represalias contra los involucrados en las investigaciones, en lo que es un indicio de la disposici\u00f3n de la agencia para actuar con el fin de proteger los intereses personales del mandatario.<\/p>\n<p>La abrupta decisi\u00f3n contra los fiscales de carrera que trabajaron en el equipo del fiscal especial Jack Smith es la \u00faltima se\u00f1al de convulsi\u00f3n dentro del Departamento de Justicia, y refleja la determinaci\u00f3n de la Casa Blanca de purgar al gobierno de trabajadores que percibe como desleales al presidente.<\/p>\n<p>La orden se ejecut\u00f3 a pesar de que los fiscales de base, por tradici\u00f3n, permanecen en sus cargos a trav\u00e9s de diferentes gobiernos y no son castigados por su participaci\u00f3n en investigaciones delicadas. No obstante, los despidos fueron con efecto inmediato.<\/p>\n<p><q>Este d\u00eda, el secretario de Justicia interino, James McHenry, despidi\u00f3 a algunos funcionarios del Departamento de Justicia que desempe\u00f1aron un importante papel en los procesos contra el presidente Trump<\/q>, explic\u00f3 un funcionario del Departamento de Justicia en un comunicado.<\/p>\n<\/div>\n<div class=\"col col2\">\n<p>Se desconoce qu\u00e9 fiscales resultaron afectados por la orden, o cu\u00e1ntos de los que trabajaron en las pesquisas segu\u00edan siendo parte de la agencia cuando Trump tom\u00f3 posesi\u00f3n de la presidencia la semana pasada.<\/p>\n<p>Se trata del m\u00e1s reciente intento por cambiar el curso de las investigaciones penales que durante a\u00f1os ensombrecieron la candidatura de Trump y dieron origen a varios cargos formales.<\/p>\n<p>Pam Bondi, nominada por Trump para secretaria de Justicia, declar\u00f3 hace unos d\u00edas en su audiencia de confirmaci\u00f3n que no caer\u00eda en politiquer\u00edas, pero no descart\u00f3 la posibilidad de abrir investigaciones contra adversarios de Trump, como en el caso de Smith, quien renunci\u00f3 a principios de este mes, luego de presentar un informe de dos vol\u00famenes sobre las indagatorias de los esfuerzos del magnate por anular los resultados de las elecciones presidenciales de 2020 y retener documentos confidenciales en su finca de Mar-a-Lago, en Florida.<\/p>\n<p>La conservadora cadena Fox News fue la primera en informar sobre los despidos.<\/p>\n<\/div>\n","protected":false},"excerpt":{"rendered":"<p>El Departamento de Justicia de Estados Unidos anunci\u00f3 ayer que ces\u00f3 a m\u00e1s de una docena de empleados que trabajaron<\/p>\n","protected":false},"author":4,"featured_media":55513,"comment_status":"closed","ping_status":"closed","sticky":false,"template":"","format":"standard","meta":{"colormag_page_container_layout":"default_layout","colormag_page_sidebar_layout":"default_layout","_jetpack_memberships_contains_paid_content":false,"footnotes":"","jetpack_publicize_message":"","jetpack_publicize_feature_enabled":true,"jetpack_social_post_already_shared":false,"jetpack_social_options":{"image_generator_settings":{"template":"highway","default_image_id":0,"font":"","enabled":false},"version":2}},"categories":[28],"tags":[],"class_list":["post-55512","post","type-post","status-publish","format-standard","has-post-thumbnail","hentry","category-internacional"],"jetpack_publicize_connections":[],"jetpack_featured_media_url":"https:\/\/i0.wp.com\/politicosaldesnudo.com.mx\/wp-content\/uploads\/2025\/01\/000823958W.jpg?fit=1800%2C1200&ssl=1","jetpack-related-posts":[],"jetpack_sharing_enabled":true,"_links":{"self":[{"href":"https:\/\/politicosaldesnudo.com.mx\/index.php\/wp-json\/wp\/v2\/posts\/55512","targetHints":{"allow":["GET"]}}],"collection":[{"href":"https:\/\/politicosaldesnudo.com.mx\/index.php\/wp-json\/wp\/v2\/posts"}],"about":[{"href":"https:\/\/politicosaldesnudo.com.mx\/index.php\/wp-json\/wp\/v2\/types\/post"}],"author":[{"embeddable":true,"href":"https:\/\/politicosaldesnudo.com.mx\/index.php\/wp-json\/wp\/v2\/users\/4"}],"replies":[{"embeddable":true,"href":"https:\/\/politicosaldesnudo.com.mx\/index.php\/wp-json\/wp\/v2\/comments?post=55512"}],"version-history":[{"count":0,"href":"https:\/\/politicosaldesnudo.com.mx\/index.php\/wp-json\/wp\/v2\/posts\/55512\/revisions"}],"wp:featuredmedia":[{"embeddable":true,"href":"https:\/\/politicosaldesnudo.com.mx\/index.php\/wp-json\/wp\/v2\/media\/55513"}],"wp:attachment":[{"href":"https:\/\/politicosaldesnudo.com.mx\/index.php\/wp-json\/wp\/v2\/media?parent=55512"}],"wp:term":[{"taxonomy":"category","embeddable":true,"href":"https:\/\/politicosaldesnudo.com.mx\/index.php\/wp-json\/wp\/v2\/categories?post=55512"},{"taxonomy":"post_tag","embeddable":true,"href":"https:\/\/politicosaldesnudo.com.mx\/index.php\/wp-json\/wp\/v2\/tags?post=55512"}],"curies":[{"name":"wp","href":"https:\/\/api.w.org\/{rel}","templated":true}]}}