{"id":55542,"date":"2025-01-30T00:04:28","date_gmt":"2025-01-30T06:04:28","guid":{"rendered":"https:\/\/politicosaldesnudo.com.mx\/?p=55542"},"modified":"2025-01-29T22:54:13","modified_gmt":"2025-01-30T04:54:13","slug":"cambios-en-dirigencia-local-del-verde","status":"publish","type":"post","link":"https:\/\/politicosaldesnudo.com.mx\/index.php\/2025\/01\/30\/cambios-en-dirigencia-local-del-verde\/","title":{"rendered":"Cambios en dirigencia  Local del Verde"},"content":{"rendered":"<p>Partidos pol\u00edticos comienzan con sus restructuras internas con miras al pr\u00f3ximo proceso electoral y el Partido Verde Ecologista de M\u00e9xico no ha sido la excepci\u00f3n, por lo que \u00e9ste mi\u00e9rcoles fue anunciada la incorporaci\u00f3n del ex alcalde Alberto Silva Ramos, como nuevo Dirigente Municipal.<\/p>\n<p>Lo anterior, en sustituci\u00f3n del ex regidor Javier S\u00e1nchez Balderas, por lo que ser\u00e1 este jueves, cuando la sede estatal del PVEM tomar\u00e1 la protesta al nuevo dirigente Verde en este municipio.<\/p>\n<p>Beto Silva coment\u00f3 que toma el cargo con mucho \u00e1nimo y compromiso por catapultar al partido para lograr los mejores resultados en el pr\u00f3ximo proceso electoral.<\/p>\n<p>La llegada del pol\u00edtico porte\u00f1o a la dirigencia verde, se da en momentos en el que se llevan a cabo las negociaciones en la Ciudad de M\u00e9xico, para determinar la coalici\u00f3n Morena, Verde y PT a nivel nacional.<\/p>\n","protected":false},"excerpt":{"rendered":"<p>Partidos pol\u00edticos comienzan con sus restructuras internas con miras al pr\u00f3ximo proceso electoral y el Partido Verde Ecologista de M\u00e9xico<\/p>\n","protected":false},"author":4,"featured_media":55543,"comment_status":"closed","ping_status":"closed","sticky":false,"template":"","format":"standard","meta":{"colormag_page_container_layout":"default_layout","colormag_page_sidebar_layout":"default_layout","_jetpack_memberships_contains_paid_content":false,"footnotes":"","jetpack_publicize_message":"","jetpack_publicize_feature_enabled":true,"jetpack_social_post_already_shared":false,"jetpack_social_options":{"image_generator_settings":{"template":"highway","default_image_id":0,"font":"","enabled":false},"version":2}},"categories":[1082],"tags":[],"class_list":["post-55542","post","type-post","status-publish","format-standard","has-post-thumbnail","hentry","category-tuxpan"],"jetpack_publicize_connections":[],"jetpack_featured_media_url":"https:\/\/i0.wp.com\/politicosaldesnudo.com.mx\/wp-content\/uploads\/2025\/01\/5b-8.jpg?fit=1280%2C960&ssl=1","jetpack-related-posts":[],"jetpack_sharing_enabled":true,"_links":{"self":[{"href":"https:\/\/politicosaldesnudo.com.mx\/index.php\/wp-json\/wp\/v2\/posts\/55542","targetHints":{"allow":["GET"]}}],"collection":[{"href":"https:\/\/politicosaldesnudo.com.mx\/index.php\/wp-json\/wp\/v2\/posts"}],"about":[{"href":"https:\/\/politicosaldesnudo.com.mx\/index.php\/wp-json\/wp\/v2\/types\/post"}],"author":[{"embeddable":true,"href":"https:\/\/politicosaldesnudo.com.mx\/index.php\/wp-json\/wp\/v2\/users\/4"}],"replies":[{"embeddable":true,"href":"https:\/\/politicosaldesnudo.com.mx\/index.php\/wp-json\/wp\/v2\/comments?post=55542"}],"version-history":[{"count":0,"href":"https:\/\/politicosaldesnudo.com.mx\/index.php\/wp-json\/wp\/v2\/posts\/55542\/revisions"}],"wp:featuredmedia":[{"embeddable":true,"href":"https:\/\/politicosaldesnudo.com.mx\/index.php\/wp-json\/wp\/v2\/media\/55543"}],"wp:attachment":[{"href":"https:\/\/politicosaldesnudo.com.mx\/index.php\/wp-json\/wp\/v2\/media?parent=55542"}],"wp:term":[{"taxonomy":"category","embeddable":true,"href":"https:\/\/politicosaldesnudo.com.mx\/index.php\/wp-json\/wp\/v2\/categories?post=55542"},{"taxonomy":"post_tag","embeddable":true,"href":"https:\/\/politicosaldesnudo.com.mx\/index.php\/wp-json\/wp\/v2\/tags?post=55542"}],"curies":[{"name":"wp","href":"https:\/\/api.w.org\/{rel}","templated":true}]}}