{"id":55545,"date":"2025-01-30T00:05:12","date_gmt":"2025-01-30T06:05:12","guid":{"rendered":"https:\/\/politicosaldesnudo.com.mx\/?p=55545"},"modified":"2025-01-29T23:17:24","modified_gmt":"2025-01-30T05:17:24","slug":"reconoce-permanente-estrategia-del-gobierno-para-proteger-a-connacionales","status":"publish","type":"post","link":"https:\/\/politicosaldesnudo.com.mx\/index.php\/2025\/01\/30\/reconoce-permanente-estrategia-del-gobierno-para-proteger-a-connacionales\/","title":{"rendered":"Reconoce Permanente estrategia del gobierno para proteger a connacionales"},"content":{"rendered":"<p class=\"western\">En su \u00faltima sesi\u00f3n, la Comisi\u00f3n Permanente del Congreso de la Uni\u00f3n reconoci\u00f3 la estrategia integral del gobierno de la presidenta Claudia Sheinbaum para proteger a los migrantes mexicanos de las pol\u00edticas instrumentadas por Donald Trump, a trav\u00e9s de las secretar\u00edas de Relaciones Exteriores, Gobernaci\u00f3n y otras dependencias.<\/p>\n<p class=\"western\">El dictamen se aprob\u00f3 con el aval de Morena, sus aliados del PT y PVEM, adem\u00e1s de PAN y MC. Los de la 4T cerraron filas con la mandataria y sus programas Apoyo para las Mexicanas y los Mexicanos en los Estados Unidos y \u00abM\u00e9xico Te Abraza\u00bb, as\u00ed como el fortalecimiento de la Red Consular y la asistencia jur\u00eddica especializada a los connacionales en peligro de ser deportados.<\/p>\n<p class=\"western\">En contraparte, los legisladores del PRI votaron en contra. \u201cQuiero ser muy claro : Estamos a favor de M\u00e9xico, estamos a favor de nuestras hermanas y hermanos migrantes, pero no estamos de acuerdo con el gobierno\u201d federal, recalc\u00f3 el senador N\u00e9stor Camarillo, qui\u00e9n expres\u00f3 adem\u00e1s sorpresa de que \u201ccompa\u00f1eros de oposici\u00f3n se sumen.<\/p>\n<p class=\"western\">La referencia fue para la senadora de Movimiento Ciudadano (MC), Amalia Garcia, qui\u00e9n expuso en tribuna que \u201chay que respaldar al gobierno de la rep\u00fablica\u201d, pero ir m\u00e1s all\u00e1 y propuso que adicionalmente a ese pronunciamiento e se conforme en esa mesa de trabajo con las organizaciones de mexicanos en el exterior.<\/p>\n<p class=\"western\">\u201cLos mexicanos en el exterior est\u00e1n perfectamente organizados, muchos de ellos, el Colectivo de Federaciones y Organizaciones de Mexicanos en el Exterior, que agrupa a 102 organizaciones, es ejemplo de ello\u201d.<\/p>\n<p class=\"western\">En tanto, la presidenta de la Segunda Comisi\u00f3n de Trabajo de la Permanente, la Morenista Beatriz Robles, destac\u00f3 que empresas privadas, as\u00ed como c\u00e1maras industriales y organismos empresariales se hayan sumado a la protecci\u00f3n a los migrantes que sean expulsados del vecino pa\u00eds del norte-.<\/p>\n","protected":false},"excerpt":{"rendered":"<p>En su \u00faltima sesi\u00f3n, la Comisi\u00f3n Permanente del Congreso de la Uni\u00f3n reconoci\u00f3 la estrategia integral del gobierno de la<\/p>\n","protected":false},"author":4,"featured_media":55546,"comment_status":"closed","ping_status":"closed","sticky":false,"template":"","format":"standard","meta":{"colormag_page_container_layout":"default_layout","colormag_page_sidebar_layout":"default_layout","_jetpack_memberships_contains_paid_content":false,"footnotes":"","jetpack_publicize_message":"","jetpack_publicize_feature_enabled":true,"jetpack_social_post_already_shared":false,"jetpack_social_options":{"image_generator_settings":{"template":"highway","default_image_id":0,"font":"","enabled":false},"version":2}},"categories":[33],"tags":[],"class_list":["post-55545","post","type-post","status-publish","format-standard","has-post-thumbnail","hentry","category-nacional"],"jetpack_publicize_connections":[],"jetpack_featured_media_url":"https:\/\/i0.wp.com\/politicosaldesnudo.com.mx\/wp-content\/uploads\/2025\/01\/ASDEOPN.jpg?fit=749%2C461&ssl=1","jetpack-related-posts":[],"jetpack_sharing_enabled":true,"_links":{"self":[{"href":"https:\/\/politicosaldesnudo.com.mx\/index.php\/wp-json\/wp\/v2\/posts\/55545","targetHints":{"allow":["GET"]}}],"collection":[{"href":"https:\/\/politicosaldesnudo.com.mx\/index.php\/wp-json\/wp\/v2\/posts"}],"about":[{"href":"https:\/\/politicosaldesnudo.com.mx\/index.php\/wp-json\/wp\/v2\/types\/post"}],"author":[{"embeddable":true,"href":"https:\/\/politicosaldesnudo.com.mx\/index.php\/wp-json\/wp\/v2\/users\/4"}],"replies":[{"embeddable":true,"href":"https:\/\/politicosaldesnudo.com.mx\/index.php\/wp-json\/wp\/v2\/comments?post=55545"}],"version-history":[{"count":0,"href":"https:\/\/politicosaldesnudo.com.mx\/index.php\/wp-json\/wp\/v2\/posts\/55545\/revisions"}],"wp:featuredmedia":[{"embeddable":true,"href":"https:\/\/politicosaldesnudo.com.mx\/index.php\/wp-json\/wp\/v2\/media\/55546"}],"wp:attachment":[{"href":"https:\/\/politicosaldesnudo.com.mx\/index.php\/wp-json\/wp\/v2\/media?parent=55545"}],"wp:term":[{"taxonomy":"category","embeddable":true,"href":"https:\/\/politicosaldesnudo.com.mx\/index.php\/wp-json\/wp\/v2\/categories?post=55545"},{"taxonomy":"post_tag","embeddable":true,"href":"https:\/\/politicosaldesnudo.com.mx\/index.php\/wp-json\/wp\/v2\/tags?post=55545"}],"curies":[{"name":"wp","href":"https:\/\/api.w.org\/{rel}","templated":true}]}}