{"id":55587,"date":"2025-01-30T00:19:51","date_gmt":"2025-01-30T06:19:51","guid":{"rendered":"https:\/\/politicosaldesnudo.com.mx\/?p=55587"},"modified":"2025-01-29T23:49:02","modified_gmt":"2025-01-30T05:49:02","slug":"considera-cuba-acto-de-brutalidad-idea-de-enviar-migrantes-a-guantanamo","status":"publish","type":"post","link":"https:\/\/politicosaldesnudo.com.mx\/index.php\/2025\/01\/30\/considera-cuba-acto-de-brutalidad-idea-de-enviar-migrantes-a-guantanamo\/","title":{"rendered":"Considera Cuba \u00abacto de brutalidad\u00bb idea de enviar migrantes a Guant\u00e1namo"},"content":{"rendered":"<p>El presidente de Cuba, Miguel D\u00edaz-Canel, calific\u00f3 este mi\u00e9rcoles como un \u00abacto de brutalidad\u00bb el proyecto de su hom\u00f3logo estadunidense, Donald Trump, de habilitar la prisi\u00f3n militar de Guant\u00e1namo, en el este de la isla, para albergar hasta 30 mil migrantes en situaci\u00f3n irregular.<\/p>\n<p>\u00abEn acto de brutalidad, nuevo gobierno de EU anuncia encarcelamiento en Base Naval en Guant\u00e1namo, ubicada en territorio de Cuba ilegalmente ocupado, de miles de migrantes que expulsa forzosamente\u00bb, dijo en X el mandatario cubano, al se\u00f1alar que ser\u00edan ubicados \u00abjunto a las conocidas c\u00e1rceles de tortura y detenci\u00f3n ilegal\u00bb.<\/p>\n<p>D\u00edaz-Canel reaccion\u00f3 inmediatamente despu\u00e9s de que Trump dijera que firmar\u00e1 \u00abun decreto ordenando a los Departamentos de Defensa y Seguridad Interior que comiencen a preparar las instalaciones\u00bb de la bah\u00eda de Guant\u00e1namo.<\/p>\n<p>El inquilino de la Casa Blanca indic\u00f3 que se tratar\u00eda de \u00abcriminales\u00bb en situaci\u00f3n irregular.<\/p>\n<p>El canciller cubano, Bruno Rodr\u00edguez, dijo de su lado en X que esta decisi\u00f3n \u00abmuestra desprecio hacia la condici\u00f3n humana y el Derecho Internacional\u00bb.<\/p>\n<p>La base naval estadunidense, situada en la costa este de Cuba, ocupa desde 1903 un \u00e1rea de 117 km2, de los cuales s\u00f3lo 49 km2 est\u00e1n en tierra firme.<\/p>\n<p>En su interior se encuentra esta prisi\u00f3n, inaugurada en 2002, como parte de la \u00abguerra contra el terrorismo\u00bb declarada por el ex presidente George W. Bush tras los atentados del 11 de septiembre de 2001.<\/p>\n<p>Han pasado por ella cientos de prisioneros, incluidos algunos miembros de Al Qaida. Es pol\u00e9mica por sus extremas condiciones de detenci\u00f3n y el uso de tortura.<\/p>\n<p>Los ex presidentes dem\u00f3cratas Joe Biden y Barack Obama prometieron cerrarla, pero ninguno lo hizo durante sus mandatos.<\/p>\n<p>En septiembre pasado, el New York Times obtuvo documentos gubernamentales que muestran que la base tambi\u00e9n se ha utilizado durante d\u00e9cadas para encarcelar a algunos migrantes interceptados en el mar.<\/p>\n","protected":false},"excerpt":{"rendered":"<p>El presidente de Cuba, Miguel D\u00edaz-Canel, calific\u00f3 este mi\u00e9rcoles como un \u00abacto de brutalidad\u00bb el proyecto de su hom\u00f3logo estadunidense,<\/p>\n","protected":false},"author":4,"featured_media":55588,"comment_status":"closed","ping_status":"closed","sticky":false,"template":"","format":"standard","meta":{"colormag_page_container_layout":"default_layout","colormag_page_sidebar_layout":"default_layout","_jetpack_memberships_contains_paid_content":false,"footnotes":"","jetpack_publicize_message":"","jetpack_publicize_feature_enabled":true,"jetpack_social_post_already_shared":false,"jetpack_social_options":{"image_generator_settings":{"template":"highway","default_image_id":0,"font":"","enabled":false},"version":2}},"categories":[28],"tags":[],"class_list":["post-55587","post","type-post","status-publish","format-standard","has-post-thumbnail","hentry","category-internacional"],"jetpack_publicize_connections":[],"jetpack_featured_media_url":"https:\/\/i0.wp.com\/politicosaldesnudo.com.mx\/wp-content\/uploads\/2025\/01\/prison.jpg?fit=640%2C360&ssl=1","jetpack-related-posts":[],"jetpack_sharing_enabled":true,"_links":{"self":[{"href":"https:\/\/politicosaldesnudo.com.mx\/index.php\/wp-json\/wp\/v2\/posts\/55587","targetHints":{"allow":["GET"]}}],"collection":[{"href":"https:\/\/politicosaldesnudo.com.mx\/index.php\/wp-json\/wp\/v2\/posts"}],"about":[{"href":"https:\/\/politicosaldesnudo.com.mx\/index.php\/wp-json\/wp\/v2\/types\/post"}],"author":[{"embeddable":true,"href":"https:\/\/politicosaldesnudo.com.mx\/index.php\/wp-json\/wp\/v2\/users\/4"}],"replies":[{"embeddable":true,"href":"https:\/\/politicosaldesnudo.com.mx\/index.php\/wp-json\/wp\/v2\/comments?post=55587"}],"version-history":[{"count":0,"href":"https:\/\/politicosaldesnudo.com.mx\/index.php\/wp-json\/wp\/v2\/posts\/55587\/revisions"}],"wp:featuredmedia":[{"embeddable":true,"href":"https:\/\/politicosaldesnudo.com.mx\/index.php\/wp-json\/wp\/v2\/media\/55588"}],"wp:attachment":[{"href":"https:\/\/politicosaldesnudo.com.mx\/index.php\/wp-json\/wp\/v2\/media?parent=55587"}],"wp:term":[{"taxonomy":"category","embeddable":true,"href":"https:\/\/politicosaldesnudo.com.mx\/index.php\/wp-json\/wp\/v2\/categories?post=55587"},{"taxonomy":"post_tag","embeddable":true,"href":"https:\/\/politicosaldesnudo.com.mx\/index.php\/wp-json\/wp\/v2\/tags?post=55587"}],"curies":[{"name":"wp","href":"https:\/\/api.w.org\/{rel}","templated":true}]}}