{"id":55593,"date":"2025-01-30T00:21:07","date_gmt":"2025-01-30T06:21:07","guid":{"rendered":"https:\/\/politicosaldesnudo.com.mx\/?p=55593"},"modified":"2025-01-29T23:56:35","modified_gmt":"2025-01-30T05:56:35","slug":"los-despidos-masivos-del-gobierno","status":"publish","type":"post","link":"https:\/\/politicosaldesnudo.com.mx\/index.php\/2025\/01\/30\/los-despidos-masivos-del-gobierno\/","title":{"rendered":"Los despidos masivos del gobierno"},"content":{"rendered":"<h2>\u00b7\u00a0\u00a0\u00a0\u00a0\u00a0\u00a0\u00a0Gobierno de Sheinbaum recorta 6,200 plazas para \u2018ahorrar\u2019 12 mmdp<\/h2>\n<h2>\u00b7\u00a0\u00a0\u00a0\u00a0\u00a0\u00a0\u00a0Hay otros 3,690 empleos de Organismos Aut\u00f3nomos que est\u00e1n en el aire<\/h2>\n<h2>\u00b7\u00a0\u00a0\u00a0\u00a0\u00a0\u00a0\u00a0En el estado de Veracruz tambi\u00e9n habr\u00e1 desaparici\u00f3n de organismos aut\u00f3nomos<\/h2>\n<p style=\"font-weight: 400;\"><strong>Por Miguel \u00c1ngel Cristiani G.<\/strong><\/p>\n<p style=\"font-weight: 400;\">Como suele afirmar Pancho L\u00f3pez el fil\u00f3sofo ateniense xalape\u00f1o, \u201cya \u00e9ramos muchos y a la abuela se le ocurri\u00f3 parir\u201d esto luego de que de por si no hab\u00eda nuevos empleos en el gobierno federal y ahora se est\u00e1 haciendo un recorte de plazas -francamente criminal- que afectar\u00e1 a 6,200 familias.<\/p>\n<p style=\"font-weight: 400;\">La justificaci\u00f3n es que es para \u201cahorrar\u201d 12 mil millones de pesos.<\/p>\n<p style=\"font-weight: 400;\">La mitad de esos millones son en materia de Seguridad P\u00fablica -parad\u00f3jicamente uno de los mayores problemas a enfrentar-<\/p>\n<p style=\"font-weight: 400;\">Gobierno de Sheinbaum recorta 6,200 plazas para \u2018ahorrar\u2019 12 mmdp, la mitad en Seguridad; en el aire 3,690 plazas de los aut\u00f3nomos<\/p>\n<p style=\"font-weight: 400;\">Pero eso no es todo, hay otros 3,690 empleos que est\u00e1n en el aire, ahora con la desaparici\u00f3n de los llamados organismos aut\u00f3nomos.<\/p>\n<p style=\"font-weight: 400;\">Todo eso hay que sumar los miles de mexicanos que est\u00e1n siendo regresados de Estados Unidos y que van a llegar desempleados.<\/p>\n<p style=\"font-weight: 400;\">Ac\u00e1 en el terru\u00f1o veracruzano todav\u00eda nos se ha aprobado la desaparici\u00f3n de los organismos aut\u00f3nomos, pero es un hecho que para all\u00e1 vamos, para estar acorde con la pol\u00edtica de \u201cAusteridad\u201d de la federaci\u00f3n.<\/p>\n<p style=\"font-weight: 400;\">En una investigaci\u00f3n period\u00edstica de Darien Cruz en Animal Pol\u00edtico acaba de dar a conocer que m\u00e1s de 6 mil plazas de la administraci\u00f3n federal fueron eliminadas para 2025, y a\u00fan hay pendientes m\u00e1s de 3 mil correspondientes a los siete organismos aut\u00f3nomos que est\u00e1n por desaparecer durante el gobierno de Sheinbaum.<\/p>\n<p style=\"font-weight: 400;\">El gobierno de Claudia Sheinbaum recort\u00f3 las plazas de 6 mil 253 funcionarios de la administraci\u00f3n p\u00fablica como parte de su pol\u00edtica de austeridad, lo que significa una reducci\u00f3n de 12 mil 506 millones de pesos para 2025 en el rubro de contrataciones, de acuerdo con informaci\u00f3n oficial del presupuesto.<\/p>\n<p style=\"font-weight: 400;\">Esto podr\u00eda impactar en la calidad de los servicios a los ciudadanos, con m\u00e1s demora en tr\u00e1mites o poca atenci\u00f3n a sus demandas, toda vez que el personal que se queda deber\u00e1 cumplir con m\u00e1s funciones.<\/p>\n<p style=\"font-weight: 400;\">Un \u00e1rea indispensable como el combate a la delincuencia para dar mayor seguridad a los ciudadanos ser\u00e1 la m\u00e1s afectada. La Secretar\u00eda de Seguridad P\u00fablica y Protecci\u00f3n Ciudadana (SSPC), a cargo de Omar Garc\u00eda Harfuch, tendr\u00e1 3 mil 564 plazas menos para 2025.<\/p>\n<p style=\"font-weight: 400;\">Esto, pese a que el n\u00famero de v\u00edctimas de homicidio doloso aument\u00f3 en 5.7% en los dos primeros meses de gobierno de Claudia Sheinbaum, con respecto a octubre y noviembre de 2023; o a que en ciudades como Culiac\u00e1n los ciudadanos suman 140 d\u00edas de violencia, que han alcanzado incluso a dos ni\u00f1os y su padre, quienes fueron asesinados en calles de la capital el pasado 19 de enero.<\/p>\n<p style=\"font-weight: 400;\">Otra \u00e1rea impactada ser\u00e1 la Secretar\u00eda de Infraestructura, Comunicaciones y Transportes (SICT), encabezada por Jes\u00fas Esteva Medina, que perder\u00e1 981 trabajadores. Mientras que la Secretar\u00eda de Cultura, supuestamente un \u00e1rea prioritaria para el gobierno, tambi\u00e9n tendr\u00e1 menos personal.<\/p>\n<p style=\"font-weight: 400;\">En 2025, Cultura tendr\u00e1 476 plazas menos pese a que se encarga del cuidado y operaci\u00f3n de recintos como el Palacio de Bellas Artes; Museos como el Nacional de Antropolog\u00eda, de Arte Moderno, el espacio cultural de Chapultepec, Los Pinos; del Conservatorio Nacional de M\u00fasica y todos los sitios arqueol\u00f3gicos a cargo del Instituto Nacional de Antropolog\u00eda e Historia (INAH), entre otras cosas.<\/p>\n<p style=\"font-weight: 400;\">Adem\u00e1s de estos despidos, a\u00fan est\u00e1n pendientes 3,690 trabajadores de los siete organismos aut\u00f3nomos desaparecidos en el gobierno de Claudia Sheinbaum: la Comisi\u00f3n Federal de Competencia, el Instituto de Telecomunicaciones, la Comisi\u00f3n Reguladora de Energ\u00eda, la Comisi\u00f3n Nacional de Hidrocarburos, el Instituto Nacional de Transparencia, Acceso a la Informaci\u00f3n y Protecci\u00f3n de Datos Personales, el Consejo Nacional de Evaluaci\u00f3n de la Pol\u00edtica de Desarrollo Social y la Comisi\u00f3n Nacional para la Mejora Continua de la Educaci\u00f3n.<\/p>\n<p style=\"font-weight: 400;\">Los m\u00e1s de 3 mil empleados de estos organismos siguen trabajando para finiquitar las labores de las instituciones, pero a\u00fan no conocen los t\u00e9rminos ni la fecha para sus despidos. Lo sabr\u00e1n hasta la publicaci\u00f3n de las leyes secundarias del decreto de extinci\u00f3n que los legisladores deber\u00e1n publicar a m\u00e1s tardar en marzo pr\u00f3ximo.<\/p>\n<p style=\"font-weight: 400;\">Para m\u00e1s informaci\u00f3n consulta nuestra p\u00e1gina\u00a0<a href=\"https:\/\/www.xn--bitacoraspolticas-ovb.com\/\" data-saferedirecturl=\"https:\/\/www.google.com\/url?q=https:\/\/www.xn--bitacoraspolticas-ovb.com\/&amp;source=gmail&amp;ust=1738302844441000&amp;usg=AOvVaw1m-shTzqdtoJXdKPO1eUYw\">https:\/\/www.xn--bitacoraspolticas-ovb.com\/<\/a><\/p>\n<p><img data-recalc-dims=\"1\" loading=\"lazy\" decoding=\"async\" class=\"aligncenter size-full wp-image-55594\" src=\"https:\/\/i0.wp.com\/politicosaldesnudo.com.mx\/wp-content\/uploads\/2025\/01\/FIRMA-EDITORIAL-PD-7.jpg?resize=800%2C98&#038;ssl=1\" alt=\"\" width=\"800\" height=\"98\" srcset=\"https:\/\/i0.wp.com\/politicosaldesnudo.com.mx\/wp-content\/uploads\/2025\/01\/FIRMA-EDITORIAL-PD-7.jpg?w=1024&amp;ssl=1 1024w, https:\/\/i0.wp.com\/politicosaldesnudo.com.mx\/wp-content\/uploads\/2025\/01\/FIRMA-EDITORIAL-PD-7.jpg?resize=300%2C37&amp;ssl=1 300w, https:\/\/i0.wp.com\/politicosaldesnudo.com.mx\/wp-content\/uploads\/2025\/01\/FIRMA-EDITORIAL-PD-7.jpg?resize=768%2C94&amp;ssl=1 768w\" sizes=\"auto, (max-width: 800px) 100vw, 800px\" \/><\/p>\n","protected":false},"excerpt":{"rendered":"<p>\u00b7\u00a0\u00a0\u00a0\u00a0\u00a0\u00a0\u00a0Gobierno de Sheinbaum recorta 6,200 plazas para \u2018ahorrar\u2019 12 mmdp \u00b7\u00a0\u00a0\u00a0\u00a0\u00a0\u00a0\u00a0Hay otros 3,690 empleos de Organismos Aut\u00f3nomos que est\u00e1n en<\/p>\n","protected":false},"author":4,"featured_media":46060,"comment_status":"closed","ping_status":"closed","sticky":false,"template":"","format":"standard","meta":{"colormag_page_container_layout":"default_layout","colormag_page_sidebar_layout":"default_layout","_jetpack_memberships_contains_paid_content":false,"footnotes":"","jetpack_publicize_message":"","jetpack_publicize_feature_enabled":true,"jetpack_social_post_already_shared":false,"jetpack_social_options":{"image_generator_settings":{"template":"highway","default_image_id":0,"font":"","enabled":false},"version":2}},"categories":[26],"tags":[],"class_list":["post-55593","post","type-post","status-publish","format-standard","has-post-thumbnail","hentry","category-columnistas"],"jetpack_publicize_connections":[],"jetpack_featured_media_url":"https:\/\/i0.wp.com\/politicosaldesnudo.com.mx\/wp-content\/uploads\/2024\/09\/CRISTIANI-2.jpg?fit=800%2C445&ssl=1","jetpack-related-posts":[],"jetpack_sharing_enabled":true,"_links":{"self":[{"href":"https:\/\/politicosaldesnudo.com.mx\/index.php\/wp-json\/wp\/v2\/posts\/55593","targetHints":{"allow":["GET"]}}],"collection":[{"href":"https:\/\/politicosaldesnudo.com.mx\/index.php\/wp-json\/wp\/v2\/posts"}],"about":[{"href":"https:\/\/politicosaldesnudo.com.mx\/index.php\/wp-json\/wp\/v2\/types\/post"}],"author":[{"embeddable":true,"href":"https:\/\/politicosaldesnudo.com.mx\/index.php\/wp-json\/wp\/v2\/users\/4"}],"replies":[{"embeddable":true,"href":"https:\/\/politicosaldesnudo.com.mx\/index.php\/wp-json\/wp\/v2\/comments?post=55593"}],"version-history":[{"count":0,"href":"https:\/\/politicosaldesnudo.com.mx\/index.php\/wp-json\/wp\/v2\/posts\/55593\/revisions"}],"wp:featuredmedia":[{"embeddable":true,"href":"https:\/\/politicosaldesnudo.com.mx\/index.php\/wp-json\/wp\/v2\/media\/46060"}],"wp:attachment":[{"href":"https:\/\/politicosaldesnudo.com.mx\/index.php\/wp-json\/wp\/v2\/media?parent=55593"}],"wp:term":[{"taxonomy":"category","embeddable":true,"href":"https:\/\/politicosaldesnudo.com.mx\/index.php\/wp-json\/wp\/v2\/categories?post=55593"},{"taxonomy":"post_tag","embeddable":true,"href":"https:\/\/politicosaldesnudo.com.mx\/index.php\/wp-json\/wp\/v2\/tags?post=55593"}],"curies":[{"name":"wp","href":"https:\/\/api.w.org\/{rel}","templated":true}]}}