{"id":55607,"date":"2025-01-31T00:02:05","date_gmt":"2025-01-31T06:02:05","guid":{"rendered":"https:\/\/politicosaldesnudo.com.mx\/?p=55607"},"modified":"2025-01-30T21:54:48","modified_gmt":"2025-01-31T03:54:48","slug":"van-100-parejas-inscritas-para-bodas","status":"publish","type":"post","link":"https:\/\/politicosaldesnudo.com.mx\/index.php\/2025\/01\/31\/van-100-parejas-inscritas-para-bodas\/","title":{"rendered":"Van 100 parejas inscritas para bodas"},"content":{"rendered":"<p>Hasta el momento cien parejas se han inscrito para participar en el programa de matrimonios colectivos, que se llevar\u00e1 a cabo el pr\u00f3ximo 14 de febrero, lo que habla de una excelente respuesta por parte de la poblaci\u00f3n, as\u00ed lo inform\u00f3 la Presidenta del DIF Municipal Melba L\u00f3pez.<\/p>\n<p>Invit\u00f3 a todos los ciudadanos que deseen unir su uni\u00f3n, aprovechando esta campa\u00f1a que asistan a las instalaciones del DIF a inscribirse, en un horario de 9:00 de la ma\u00f1ana a las 3:00 de la tarde.<\/p>\n<p>Estamos en coordinaci\u00f3n con el Registro Civil en esta campa\u00f1a, por lo que los ciudadanos pueden acudir con nosotros en el DIF Municipal o a las oficinas del registro civil, para hacer el tr\u00e1mite, los requisitos son los mismos en ambas dependencias, tienen que llenar la solicitud para que se puedan casar\u00bb, explic\u00f3 la entrevistada.<\/p>\n<p>Coment\u00f3 que esperan igualar o rebasar la cifra del a\u00f1o pasado, donde m\u00e1s de 200 parejas contrajeron matrimonio, por lo que estar\u00e1n recibiendo documentos hasta el d\u00eda 11 de febrero, y tener el tiempo suficiente para capturar las solicitudes y formatos correspondientes.<\/p>\n<p>Mencion\u00f3 que, para todos los contrayentes, el 14 de febrero les preparar\u00e1n una gran fiesta, para que disfruten su uni\u00f3n y por este motivo tambi\u00e9n han invitado a las personas de las comunidades, a trav\u00e9s de los agentes municipales, para que esta campa\u00f1a sea aprovechada por todos los ciudadanos.<\/p>\n","protected":false},"excerpt":{"rendered":"<p>Hasta el momento cien parejas se han inscrito para participar en el programa de matrimonios colectivos, que se llevar\u00e1 a<\/p>\n","protected":false},"author":4,"featured_media":55608,"comment_status":"closed","ping_status":"closed","sticky":false,"template":"","format":"standard","meta":{"colormag_page_container_layout":"default_layout","colormag_page_sidebar_layout":"default_layout","_jetpack_memberships_contains_paid_content":false,"footnotes":"","jetpack_publicize_message":"","jetpack_publicize_feature_enabled":true,"jetpack_social_post_already_shared":false,"jetpack_social_options":{"image_generator_settings":{"template":"highway","default_image_id":0,"font":"","enabled":false},"version":2}},"categories":[1082],"tags":[],"class_list":["post-55607","post","type-post","status-publish","format-standard","has-post-thumbnail","hentry","category-tuxpan"],"jetpack_publicize_connections":[],"jetpack_featured_media_url":"https:\/\/i0.wp.com\/politicosaldesnudo.com.mx\/wp-content\/uploads\/2025\/01\/5b-9.jpg?fit=1280%2C853&ssl=1","jetpack-related-posts":[],"jetpack_sharing_enabled":true,"_links":{"self":[{"href":"https:\/\/politicosaldesnudo.com.mx\/index.php\/wp-json\/wp\/v2\/posts\/55607","targetHints":{"allow":["GET"]}}],"collection":[{"href":"https:\/\/politicosaldesnudo.com.mx\/index.php\/wp-json\/wp\/v2\/posts"}],"about":[{"href":"https:\/\/politicosaldesnudo.com.mx\/index.php\/wp-json\/wp\/v2\/types\/post"}],"author":[{"embeddable":true,"href":"https:\/\/politicosaldesnudo.com.mx\/index.php\/wp-json\/wp\/v2\/users\/4"}],"replies":[{"embeddable":true,"href":"https:\/\/politicosaldesnudo.com.mx\/index.php\/wp-json\/wp\/v2\/comments?post=55607"}],"version-history":[{"count":0,"href":"https:\/\/politicosaldesnudo.com.mx\/index.php\/wp-json\/wp\/v2\/posts\/55607\/revisions"}],"wp:featuredmedia":[{"embeddable":true,"href":"https:\/\/politicosaldesnudo.com.mx\/index.php\/wp-json\/wp\/v2\/media\/55608"}],"wp:attachment":[{"href":"https:\/\/politicosaldesnudo.com.mx\/index.php\/wp-json\/wp\/v2\/media?parent=55607"}],"wp:term":[{"taxonomy":"category","embeddable":true,"href":"https:\/\/politicosaldesnudo.com.mx\/index.php\/wp-json\/wp\/v2\/categories?post=55607"},{"taxonomy":"post_tag","embeddable":true,"href":"https:\/\/politicosaldesnudo.com.mx\/index.php\/wp-json\/wp\/v2\/tags?post=55607"}],"curies":[{"name":"wp","href":"https:\/\/api.w.org\/{rel}","templated":true}]}}