{"id":55619,"date":"2025-01-31T00:06:08","date_gmt":"2025-01-31T06:06:08","guid":{"rendered":"https:\/\/politicosaldesnudo.com.mx\/?p=55619"},"modified":"2025-01-30T23:01:33","modified_gmt":"2025-01-31T05:01:33","slug":"segob-ninguna-autoridad-de-eu-ha-pedido-permiso-para-sobrevolar-mexico","status":"publish","type":"post","link":"https:\/\/politicosaldesnudo.com.mx\/index.php\/2025\/01\/31\/segob-ninguna-autoridad-de-eu-ha-pedido-permiso-para-sobrevolar-mexico\/","title":{"rendered":"Segob: ninguna autoridad de EU ha pedido permiso para sobrevolar M\u00e9xico"},"content":{"rendered":"<p>A trav\u00e9s de una tarjeta informativa, la Secretar\u00eda de Gobernaci\u00f3n respondi\u00f3 a la informaci\u00f3n sobre la supuesta prohibici\u00f3n para el sobrevuelo de un avi\u00f3n militar de EU en territorio mexicano.<\/p>\n<p>En ella, se\u00f1al\u00f3 que \u201crespecto de la informaci\u00f3n difundida hoy sobre una supuesta prohibici\u00f3n para el sobrevuelo de un avi\u00f3n militar estadunidense en territorio mexicano, la Secretar\u00eda de Gobernaci\u00f3n (Segob) informa:<\/p>\n<p>1. Ninguna autoridad de Estados Unidos ha solicitado autorizaci\u00f3n para un sobrevuelo en territorio nacional, como establecen los protocolos en la materia.<\/p>\n<p>2. Existe comunicaci\u00f3n permanente con autoridades de Estados Unidos, y al momento la Secretar\u00eda de la Defensa Nacional no ha tenido ning\u00fan requerimiento en ese sentido\u201d.<\/p>\n<p>De acuerdo a la informaci\u00f3n difundida por la tarde por una agencia de noticias estadunidense, un avi\u00f3n de la Fuerza A\u00e9rea del pa\u00eds vecino, que parti\u00f3 de Texas y en el que se transportaba a 80 personas deportadas rumbo a Guatemala, ten\u00eda previsto un trayecto de siete horas, casi el doble de lo usual, debido a la prohibici\u00f3n de cruzar territorio mexicano, esto seg\u00fan un portavoz de la Patrulla Fronteriza.<\/p>\n","protected":false},"excerpt":{"rendered":"<p>A trav\u00e9s de una tarjeta informativa, la Secretar\u00eda de Gobernaci\u00f3n respondi\u00f3 a la informaci\u00f3n sobre la supuesta prohibici\u00f3n para el<\/p>\n","protected":false},"author":4,"featured_media":55620,"comment_status":"closed","ping_status":"closed","sticky":false,"template":"","format":"standard","meta":{"colormag_page_container_layout":"default_layout","colormag_page_sidebar_layout":"default_layout","_jetpack_memberships_contains_paid_content":false,"footnotes":"","jetpack_publicize_message":"","jetpack_publicize_feature_enabled":true,"jetpack_social_post_already_shared":false,"jetpack_social_options":{"image_generator_settings":{"template":"highway","default_image_id":0,"font":"","enabled":false},"version":2}},"categories":[33],"tags":[],"class_list":["post-55619","post","type-post","status-publish","format-standard","has-post-thumbnail","hentry","category-nacional"],"jetpack_publicize_connections":[],"jetpack_featured_media_url":"https:\/\/i0.wp.com\/politicosaldesnudo.com.mx\/wp-content\/uploads\/2025\/01\/AA1xRFXL.jpg?fit=768%2C432&ssl=1","jetpack-related-posts":[],"jetpack_sharing_enabled":true,"_links":{"self":[{"href":"https:\/\/politicosaldesnudo.com.mx\/index.php\/wp-json\/wp\/v2\/posts\/55619","targetHints":{"allow":["GET"]}}],"collection":[{"href":"https:\/\/politicosaldesnudo.com.mx\/index.php\/wp-json\/wp\/v2\/posts"}],"about":[{"href":"https:\/\/politicosaldesnudo.com.mx\/index.php\/wp-json\/wp\/v2\/types\/post"}],"author":[{"embeddable":true,"href":"https:\/\/politicosaldesnudo.com.mx\/index.php\/wp-json\/wp\/v2\/users\/4"}],"replies":[{"embeddable":true,"href":"https:\/\/politicosaldesnudo.com.mx\/index.php\/wp-json\/wp\/v2\/comments?post=55619"}],"version-history":[{"count":0,"href":"https:\/\/politicosaldesnudo.com.mx\/index.php\/wp-json\/wp\/v2\/posts\/55619\/revisions"}],"wp:featuredmedia":[{"embeddable":true,"href":"https:\/\/politicosaldesnudo.com.mx\/index.php\/wp-json\/wp\/v2\/media\/55620"}],"wp:attachment":[{"href":"https:\/\/politicosaldesnudo.com.mx\/index.php\/wp-json\/wp\/v2\/media?parent=55619"}],"wp:term":[{"taxonomy":"category","embeddable":true,"href":"https:\/\/politicosaldesnudo.com.mx\/index.php\/wp-json\/wp\/v2\/categories?post=55619"},{"taxonomy":"post_tag","embeddable":true,"href":"https:\/\/politicosaldesnudo.com.mx\/index.php\/wp-json\/wp\/v2\/tags?post=55619"}],"curies":[{"name":"wp","href":"https:\/\/api.w.org\/{rel}","templated":true}]}}