{"id":55631,"date":"2025-01-31T00:10:25","date_gmt":"2025-01-31T06:10:25","guid":{"rendered":"https:\/\/politicosaldesnudo.com.mx\/?p=55631"},"modified":"2025-01-30T23:12:51","modified_gmt":"2025-01-31T05:12:51","slug":"pese-a-complejidad-de-2025-hay-oportunidades-icc-mexico","status":"publish","type":"post","link":"https:\/\/politicosaldesnudo.com.mx\/index.php\/2025\/01\/31\/pese-a-complejidad-de-2025-hay-oportunidades-icc-mexico\/","title":{"rendered":"Pese a complejidad de 2025, hay oportunidades: ICC M\u00e9xico"},"content":{"rendered":"<p>La International Chamber of Commerce (ICC)\u00a0\u00a0M\u00e9xico vislumbra a 2025 como un a\u00f1o lleno de oportunidades para los empresarios mexicanos, pues consideraron que \u201cen este entorno complejo tambi\u00e9n emergen \u00e1reas clave que podr\u00edan impulsar la competitividad y el desarrollo empresarial\u201d.<\/p>\n<p>El cap\u00edtulo mexicano del organismo mundial coment\u00f3 que la econom\u00eda mexicana se enfrenta a desaf\u00edos atribuidos a diversos factores internos como externos como las tensiones con el presidente estadunidense Donald Trump, por lo que se espera un crecimiento de s\u00f3lo 1 por ciento del producto interno bruto (PIB).<\/p>\n<p>\u201cPara enfrentar este panorama, es crucial que el sector p\u00fablico y privado trabajen en sinergia pol\u00edticas que fortalezcan la competitividad, como el desarrollo del capital humano y la mejora de infraestructura, para atraer y consolidar inversiones\u201d, se\u00f1al\u00f3.<\/p>\n<p>\u201cAunque el panorama econ\u00f3mico de 2025 plantea retos significativos, tambi\u00e9n abre la puerta a grandes oportunidades para los empresarios mexicanos que cuenten con la capacidad de adaptarse, innovar y colaborar, para transformar estos desaf\u00edos en un motor de crecimiento y desarrollo para el pa\u00eds\u201d, subray\u00f3.<\/p>\n<p>Consider\u00f3 que el Plan M\u00e9xico, anunciado por el gobierno federal, \u201cpodr\u00eda ser un catalizador importante para impulsar sectores estrat\u00e9gicos, aunque su implementaci\u00f3n efectiva y los detalles operativos ser\u00e1n clave para generar confianza entre los inversionistas\u201d.<\/p>\n<p>El ICC M\u00e9xico coment\u00f3 que M\u00e9xico enfrenta el reto de diversificar sus mercados de exportaci\u00f3n porque actualmente el 83 por ciento de las exportaciones mexicanas se destinan a Estados Unidos, \u201clo que deja al pa\u00eds vulnerable ante cambios en la pol\u00edtica comercial de su principal socio econ\u00f3mico\u201d.<\/p>\n<p>No obstante, se\u00f1al\u00f3 que tambi\u00e9n hay oportunidades significativas en sectores como el automotriz, pues la naci\u00f3n exporta 35 por ciento de los veh\u00edculos que consume el pa\u00eds vecino del norte. Destac\u00f3 que electr\u00f3nica, instrumental m\u00e9dico y agricultura, contin\u00faan siendo pilares del comercio exterior, mientras que la transici\u00f3n hacia cadenas de suministro m\u00e1s regionalizadas, derivada de la relocalizaci\u00f3n, posiciona a M\u00e9xico como un socio clave en la reconfiguraci\u00f3n global de la manufactura por muchos a\u00f1os m\u00e1s en la versi\u00f3n 2.0 de este.<\/p>\n<p>El organismo del sector privado se\u00f1al\u00f3 que la revisi\u00f3n del T-MEC prevista para 2026 ya comienza a generar expectativas y movimientos estrat\u00e9gicos entre los actores econ\u00f3micos, por lo que es necesario fortalecer la relaci\u00f3n comercial y promover las ventajas del libre comercio entre los tres pa\u00edses. Sugiri\u00f3 que mostrar los beneficios mutuos de esta integraci\u00f3n a los congresistas de Estados Unidos, es una v\u00eda para reducir las tensiones comerciales y evitar la imposici\u00f3n de nuevas barreras arancelarias.<\/p>\n<p>El organismo indic\u00f3 que el sector empresarial mexicano debe adoptar estrategias flexibles y cautelosas ante los desaf\u00edos que plantea el entorno global, ya que la diversificaci\u00f3n de mercados, el fortalecimiento de cadenas de valor y la inversi\u00f3n en tecnolog\u00eda e innovaci\u00f3n ser\u00e1n factores clave para capitalizar las oportunidades.<\/p>\n<p>Adem\u00e1s, dijo, los empresarios deben estar atentos a los cambios regulatorios y comerciales en Estados Unidos, as\u00ed como participar activamente en los programas de desarrollo propuestos por el gobierno mexicano\u201d, se\u00f1al\u00f3.<\/p>\n","protected":false},"excerpt":{"rendered":"<p>La International Chamber of Commerce (ICC)\u00a0\u00a0M\u00e9xico vislumbra a 2025 como un a\u00f1o lleno de oportunidades para los empresarios mexicanos, pues<\/p>\n","protected":false},"author":4,"featured_media":55632,"comment_status":"closed","ping_status":"closed","sticky":false,"template":"","format":"standard","meta":{"colormag_page_container_layout":"default_layout","colormag_page_sidebar_layout":"default_layout","_jetpack_memberships_contains_paid_content":false,"footnotes":"","jetpack_publicize_message":"","jetpack_publicize_feature_enabled":true,"jetpack_social_post_already_shared":false,"jetpack_social_options":{"image_generator_settings":{"template":"highway","default_image_id":0,"font":"","enabled":false},"version":2}},"categories":[2050],"tags":[],"class_list":["post-55631","post","type-post","status-publish","format-standard","has-post-thumbnail","hentry","category-economia"],"jetpack_publicize_connections":[],"jetpack_featured_media_url":"https:\/\/i0.wp.com\/politicosaldesnudo.com.mx\/wp-content\/uploads\/2025\/01\/th-7.jpg?fit=380%2C196&ssl=1","jetpack-related-posts":[],"jetpack_sharing_enabled":true,"_links":{"self":[{"href":"https:\/\/politicosaldesnudo.com.mx\/index.php\/wp-json\/wp\/v2\/posts\/55631","targetHints":{"allow":["GET"]}}],"collection":[{"href":"https:\/\/politicosaldesnudo.com.mx\/index.php\/wp-json\/wp\/v2\/posts"}],"about":[{"href":"https:\/\/politicosaldesnudo.com.mx\/index.php\/wp-json\/wp\/v2\/types\/post"}],"author":[{"embeddable":true,"href":"https:\/\/politicosaldesnudo.com.mx\/index.php\/wp-json\/wp\/v2\/users\/4"}],"replies":[{"embeddable":true,"href":"https:\/\/politicosaldesnudo.com.mx\/index.php\/wp-json\/wp\/v2\/comments?post=55631"}],"version-history":[{"count":0,"href":"https:\/\/politicosaldesnudo.com.mx\/index.php\/wp-json\/wp\/v2\/posts\/55631\/revisions"}],"wp:featuredmedia":[{"embeddable":true,"href":"https:\/\/politicosaldesnudo.com.mx\/index.php\/wp-json\/wp\/v2\/media\/55632"}],"wp:attachment":[{"href":"https:\/\/politicosaldesnudo.com.mx\/index.php\/wp-json\/wp\/v2\/media?parent=55631"}],"wp:term":[{"taxonomy":"category","embeddable":true,"href":"https:\/\/politicosaldesnudo.com.mx\/index.php\/wp-json\/wp\/v2\/categories?post=55631"},{"taxonomy":"post_tag","embeddable":true,"href":"https:\/\/politicosaldesnudo.com.mx\/index.php\/wp-json\/wp\/v2\/tags?post=55631"}],"curies":[{"name":"wp","href":"https:\/\/api.w.org\/{rel}","templated":true}]}}