{"id":55649,"date":"2025-01-31T00:16:40","date_gmt":"2025-01-31T06:16:40","guid":{"rendered":"https:\/\/politicosaldesnudo.com.mx\/?p=55649"},"modified":"2025-01-30T23:27:00","modified_gmt":"2025-01-31T05:27:00","slug":"avanzan-en-chiapas-migrantes-en-caravana-hacia-eu","status":"publish","type":"post","link":"https:\/\/politicosaldesnudo.com.mx\/index.php\/2025\/01\/31\/avanzan-en-chiapas-migrantes-en-caravana-hacia-eu\/","title":{"rendered":"Avanzan en Chiapas migrantes en caravana hacia EU"},"content":{"rendered":"<p>La \u00faltima caravana de migrantes que sali\u00f3 de la frontera sur con unos mil 500 extranjeros sigui\u00f3 esta tarde su andar de Escuintla hacia el municipio de Mapastepec, Chiapas, con apenas la mitad de sus integrantes.<\/p>\n<p>Muchos se han entregado al Instituto Nacional de Migraci\u00f3n, otros han avanzado por su cuenta para no esperar a los dem\u00e1s y otros han retornado a Tapachula, de donde salieron el pasado 26 de enero.<\/p>\n<p>El grupo ha decidido caminar por las noches, como lo han hecho los \u00faltimos contingentes, para evitar los estragos de las altas temperaturas del d\u00eda en la regi\u00f3n, que superan los 30 grados cent\u00edgrados.<\/p>\n<p>\u201cAqu\u00ed seguimos, no nos rendimos, vamos para adelante\u201d, dijo la venezolana Yuridia Gonz\u00e1lez, quien viaja con su esposo y una ni\u00f1a de cinco a\u00f1os.<\/p>\n<p>La familia asegura que intentar\u00e1n llegar a los Estados Unidos aunque Donald Trump haya cerrado la frontera y enviado cientos de militares para resguardarlas.<\/p>\n<p>\u201cNi Trump nos detiene, vamos hacer el intento de llegar, ya cruzamos la selva, ya sufrimos mucho para rendirnos ahora\u201d, agreg\u00f3 la sudamericana de 39 a\u00f1os de edad.<\/p>\n<p>El contingente parti\u00f3 de la frontera sur el pasado domingo 26 de enero. Apenas unos d\u00edas despu\u00e9s que Donald Trump asumi\u00f3 la presidencia de Estados Unidos.<\/p>\n<p>Desde que el republicano gan\u00f3 las elecciones en noviembre pasado se han conformado 11 caravanas que salieron de la frontera con Guatemala. Todos los grupos han sido disueltos entre los Estados de Chiapas y Oaxaca.<\/p>\n","protected":false},"excerpt":{"rendered":"<p>La \u00faltima caravana de migrantes que sali\u00f3 de la frontera sur con unos mil 500 extranjeros sigui\u00f3 esta tarde su<\/p>\n","protected":false},"author":4,"featured_media":55650,"comment_status":"closed","ping_status":"closed","sticky":false,"template":"","format":"standard","meta":{"colormag_page_container_layout":"default_layout","colormag_page_sidebar_layout":"default_layout","_jetpack_memberships_contains_paid_content":false,"footnotes":"","jetpack_publicize_message":"","jetpack_publicize_feature_enabled":true,"jetpack_social_post_already_shared":false,"jetpack_social_options":{"image_generator_settings":{"template":"highway","default_image_id":0,"font":"","enabled":false},"version":2}},"categories":[30],"tags":[],"class_list":["post-55649","post","type-post","status-publish","format-standard","has-post-thumbnail","hentry","category-estados"],"jetpack_publicize_connections":[],"jetpack_featured_media_url":"https:\/\/i0.wp.com\/politicosaldesnudo.com.mx\/wp-content\/uploads\/2025\/01\/migr.jpg?fit=765%2C433&ssl=1","jetpack-related-posts":[],"jetpack_sharing_enabled":true,"_links":{"self":[{"href":"https:\/\/politicosaldesnudo.com.mx\/index.php\/wp-json\/wp\/v2\/posts\/55649","targetHints":{"allow":["GET"]}}],"collection":[{"href":"https:\/\/politicosaldesnudo.com.mx\/index.php\/wp-json\/wp\/v2\/posts"}],"about":[{"href":"https:\/\/politicosaldesnudo.com.mx\/index.php\/wp-json\/wp\/v2\/types\/post"}],"author":[{"embeddable":true,"href":"https:\/\/politicosaldesnudo.com.mx\/index.php\/wp-json\/wp\/v2\/users\/4"}],"replies":[{"embeddable":true,"href":"https:\/\/politicosaldesnudo.com.mx\/index.php\/wp-json\/wp\/v2\/comments?post=55649"}],"version-history":[{"count":0,"href":"https:\/\/politicosaldesnudo.com.mx\/index.php\/wp-json\/wp\/v2\/posts\/55649\/revisions"}],"wp:featuredmedia":[{"embeddable":true,"href":"https:\/\/politicosaldesnudo.com.mx\/index.php\/wp-json\/wp\/v2\/media\/55650"}],"wp:attachment":[{"href":"https:\/\/politicosaldesnudo.com.mx\/index.php\/wp-json\/wp\/v2\/media?parent=55649"}],"wp:term":[{"taxonomy":"category","embeddable":true,"href":"https:\/\/politicosaldesnudo.com.mx\/index.php\/wp-json\/wp\/v2\/categories?post=55649"},{"taxonomy":"post_tag","embeddable":true,"href":"https:\/\/politicosaldesnudo.com.mx\/index.php\/wp-json\/wp\/v2\/tags?post=55649"}],"curies":[{"name":"wp","href":"https:\/\/api.w.org\/{rel}","templated":true}]}}