{"id":55666,"date":"2025-01-31T00:22:38","date_gmt":"2025-01-31T06:22:38","guid":{"rendered":"https:\/\/politicosaldesnudo.com.mx\/?p=55666"},"modified":"2025-01-30T23:46:52","modified_gmt":"2025-01-31T05:46:52","slug":"la-cloaca-abierta","status":"publish","type":"post","link":"https:\/\/politicosaldesnudo.com.mx\/index.php\/2025\/01\/31\/la-cloaca-abierta\/","title":{"rendered":"La cloaca abierta"},"content":{"rendered":"<p>Vaya sacudida la que ha provocado el reconocimiento del \u00d3rgano de Fiscalizaci\u00f3n Superior de que el gobierno de Veracruz contrat\u00f3 empresas \u201cfantasma\u201d en el sexenio de Cuitl\u00e1huac Garc\u00eda Jim\u00e9nez.<\/p>\n<p>Especialmente, caus\u00f3 escozor el tema de la \u201cempresa\u201d denominada \u201cSoluciones y Milagros\u201d, la cual obtuvo 218 contratos por adjudicaci\u00f3n directa y otros 27 v\u00eda licitaci\u00f3n y que, como sucede con ese tipo de compa\u00f1\u00edas, hacen y venden de todo. Y al final, no entregan nada de lo que se les contrata. Pero claro que lo cobran.<\/p>\n<p>Pues bien, la aceptaci\u00f3n de la auditora general Delia Gonz\u00e1lez de la existencia de ese esquema de desv\u00edos de recursos \u2013eso es lo que son- en el anterior gobierno, le puso los pelos de punta a m\u00e1s de uno de los que est\u00e1n hasta adentro en esos \u201cnegocitos\u201d con los que se enriquecieron de la noche a la ma\u00f1ana, al amparo del presupuesto p\u00fablico y mientras pregonaban el tra\u00eddo y sobado discurso de la \u201chonestidad\u201d, la \u201causteridad\u201d y el \u201cno somos iguales\u201d.<\/p>\n<p>Uno de ellos es el exsecretario de Educaci\u00f3n estatal y hoy diputado federal Zenyazen Escobar Garc\u00eda. En la SEV, \u201cSoluciones y Milagros\u201d se fue \u201ccabezona\u201d con contratos para proveerle de folders, lapiceros, t\u00f3ner, agua purificada y persianas apenas fue constituida en 2019, al arranque de la administraci\u00f3n de su amigo Cuitl\u00e1huac Garc\u00eda, y a pesar de que su giro inicial era el \u201ccomercio al por mayor de ropa\u201d.<\/p>\n<p>Como suelen hacer los bandidos de poca monta, Escobar se lav\u00f3 las manos y le ech\u00f3 la culpa a los de atr\u00e1s. Espec\u00edficamente, a quien fungi\u00f3 como oficial mayor de la Secretar\u00eda de Educaci\u00f3n mientras \u00e9l la encabez\u00f3, Ariadna Selene Aguilar Amaya.<\/p>\n<p>\u201cDe las 32 secretar\u00edas de Educaci\u00f3n que hay en el pa\u00eds, solo la de Veracruz es la \u00fanica (sic) que tiene una Oficial\u00eda Mayor, donde se hacen las contrataciones a empresas. Entonces, nada pasa por el secretario, yo no vi nada de eso\u201d, chill\u00f3 Zenyazen cuando se le cuestion\u00f3 sobre la \u201ctransa\u201d evidenciada. Quiz\u00e1s pens\u00f3 que nadie le iba a responder.<\/p>\n<p>Pero Aguilar Amaya s\u00ed le contest\u00f3, pues no parece dispuesta a cargar sola con ese \u201cpaquete\u201d, y luego de negar que contratara a \u201cSoluciones y Milagros\u201d durante su gesti\u00f3n, en lo que suena m\u00e1s a una advertencia entre mafiosos declar\u00f3 que \u201cal final de cuentas todos somos responsables. Yo soy responsable de todo lo que hicieran tambi\u00e9n mis compa\u00f1eros ah\u00ed, en cada una de las \u00e1reas que depend\u00edan de la Oficial\u00eda Mayor. Y pues tambi\u00e9n el titular (de la SEV) es responsable de todo lo que pase en la Secretar\u00eda\u201d.<\/p>\n<p>Si de verdad estuviese tan tranquila como afirma y no benefici\u00f3 a \u00e9sa o a otras empresas \u201cfachada\u201d, \u00bfpor qu\u00e9 el dardo envenenado al que, por rango administrativo, era su jefe? \u00bf Y por qu\u00e9 \u00e9ste se apresur\u00f3 a aventarle la \u201cbolita\u201d, quedando adem\u00e1s como un inepto, si le queremos creer que como titular de la SEV \u201cnada pasa por el secretario, yo no vi nada de eso\u201d? Ambos, protegidos de Cuitl\u00e1huac Garc\u00eda, se evidenciaron.<\/p>\n<p>Empero, lo mejor es lo peor que se puede poner. Como se mencion\u00f3 en la comparecencia de la auditora del Orfis en el Congreso de Veracruz, como due\u00f1o de \u201cSoluciones y Milagros\u201d aparece un tal Mauricio G\u00f3mez Casta\u00f1eda, de quien ese d\u00eda solo se dijo que es militante activo de Morena, lo cual en s\u00ed no es necesariamente irregular, aunque s\u00ed sospechoso, por lo menos.<\/p>\n<p>Pero resulta que este personaje es primo del diputado local tambi\u00e9n de Morena Diego Casta\u00f1eda Aburto, y del exdirector jur\u00eddico de la Secretar\u00eda de Seguridad P\u00fablica, Miguel Casta\u00f1eda, lo cual cambia las cosas, pues ellos ser\u00edan quienes estar\u00edan detr\u00e1s de la empresa fachada.<\/p>\n<p>Diego Casta\u00f1eda Aburto es el mismo que present\u00f3 hace unos meses, poco antes de que Roc\u00edo Nahle asumiera la gubernatura, la iniciativa de reforma a la Fiscal\u00eda General del Estado que hac\u00eda suponer que la salida de Ver\u00f3nica Hern\u00e1ndez Giad\u00e1ns era inminente; incluso, se especul\u00f3 que ser\u00eda \u00e9l quien la sustituyera, aunque finalmente se le \u201cceb\u00f3\u201d.<\/p>\n<p>Casta\u00f1eda Aburto ha \u201cbrincado\u201d de grupos y lealtades seg\u00fan sople el viento. Fue gente del ex priista-fidelista Ranulfo M\u00e1rquez y luego jug\u00f3 en la cuadrilla del exsecretario de Gobierno hoy \u201capestado\u201d de la \u201c4t\u201d, Eric Patrocinio Cisneros Burgos. Ahora se dice \u201cnahlista\u201d de \u201chueso colorado\u201d y ha buscado figurar en este sexenio, ya que antes de la Fiscal\u00eda, intent\u00f3 alcanzar la presidencia de la Junta de Coordinaci\u00f3n Pol\u00edtica de la actual Legislatura, a la que pertenece. Sin \u00e9xito, por cierto.<\/p>\n<p>Los \u201cembarrados\u201d son muchos. M\u00e1s de los que conocemos hasta ahora. \u00bfSe atrever\u00e1 la gobernadora a ir m\u00e1s all\u00e1? \u00bfO son meros \u201ccalambres\u201d sin consecuencias? Como sea, la cloaca que se abri\u00f3 apesta bastante.<\/p>\n<p><img data-recalc-dims=\"1\" loading=\"lazy\" decoding=\"async\" class=\"aligncenter size-full wp-image-55594\" src=\"https:\/\/i0.wp.com\/politicosaldesnudo.com.mx\/wp-content\/uploads\/2025\/01\/FIRMA-EDITORIAL-PD-7.jpg?resize=800%2C98&#038;ssl=1\" alt=\"\" width=\"800\" height=\"98\" srcset=\"https:\/\/i0.wp.com\/politicosaldesnudo.com.mx\/wp-content\/uploads\/2025\/01\/FIRMA-EDITORIAL-PD-7.jpg?w=1024&amp;ssl=1 1024w, https:\/\/i0.wp.com\/politicosaldesnudo.com.mx\/wp-content\/uploads\/2025\/01\/FIRMA-EDITORIAL-PD-7.jpg?resize=300%2C37&amp;ssl=1 300w, https:\/\/i0.wp.com\/politicosaldesnudo.com.mx\/wp-content\/uploads\/2025\/01\/FIRMA-EDITORIAL-PD-7.jpg?resize=768%2C94&amp;ssl=1 768w\" sizes=\"auto, (max-width: 800px) 100vw, 800px\" \/><\/p>\n","protected":false},"excerpt":{"rendered":"<p>Vaya sacudida la que ha provocado el reconocimiento del \u00d3rgano de Fiscalizaci\u00f3n Superior de que el gobierno de Veracruz contrat\u00f3<\/p>\n","protected":false},"author":4,"featured_media":46001,"comment_status":"closed","ping_status":"closed","sticky":false,"template":"","format":"standard","meta":{"colormag_page_container_layout":"default_layout","colormag_page_sidebar_layout":"default_layout","_jetpack_memberships_contains_paid_content":false,"footnotes":"","jetpack_publicize_message":"","jetpack_publicize_feature_enabled":true,"jetpack_social_post_already_shared":false,"jetpack_social_options":{"image_generator_settings":{"template":"highway","default_image_id":0,"font":"","enabled":false},"version":2}},"categories":[26],"tags":[],"class_list":["post-55666","post","type-post","status-publish","format-standard","has-post-thumbnail","hentry","category-columnistas"],"jetpack_publicize_connections":[],"jetpack_featured_media_url":"https:\/\/i0.wp.com\/politicosaldesnudo.com.mx\/wp-content\/uploads\/2024\/09\/RUBICA-2.jpg?fit=800%2C445&ssl=1","jetpack-related-posts":[],"jetpack_sharing_enabled":true,"_links":{"self":[{"href":"https:\/\/politicosaldesnudo.com.mx\/index.php\/wp-json\/wp\/v2\/posts\/55666","targetHints":{"allow":["GET"]}}],"collection":[{"href":"https:\/\/politicosaldesnudo.com.mx\/index.php\/wp-json\/wp\/v2\/posts"}],"about":[{"href":"https:\/\/politicosaldesnudo.com.mx\/index.php\/wp-json\/wp\/v2\/types\/post"}],"author":[{"embeddable":true,"href":"https:\/\/politicosaldesnudo.com.mx\/index.php\/wp-json\/wp\/v2\/users\/4"}],"replies":[{"embeddable":true,"href":"https:\/\/politicosaldesnudo.com.mx\/index.php\/wp-json\/wp\/v2\/comments?post=55666"}],"version-history":[{"count":0,"href":"https:\/\/politicosaldesnudo.com.mx\/index.php\/wp-json\/wp\/v2\/posts\/55666\/revisions"}],"wp:featuredmedia":[{"embeddable":true,"href":"https:\/\/politicosaldesnudo.com.mx\/index.php\/wp-json\/wp\/v2\/media\/46001"}],"wp:attachment":[{"href":"https:\/\/politicosaldesnudo.com.mx\/index.php\/wp-json\/wp\/v2\/media?parent=55666"}],"wp:term":[{"taxonomy":"category","embeddable":true,"href":"https:\/\/politicosaldesnudo.com.mx\/index.php\/wp-json\/wp\/v2\/categories?post=55666"},{"taxonomy":"post_tag","embeddable":true,"href":"https:\/\/politicosaldesnudo.com.mx\/index.php\/wp-json\/wp\/v2\/tags?post=55666"}],"curies":[{"name":"wp","href":"https:\/\/api.w.org\/{rel}","templated":true}]}}