{"id":55703,"date":"2025-02-01T00:06:42","date_gmt":"2025-02-01T06:06:42","guid":{"rendered":"https:\/\/politicosaldesnudo.com.mx\/?p=55703"},"modified":"2025-01-31T22:02:39","modified_gmt":"2025-02-01T04:02:39","slug":"condenan-sindicatos-de-mexico-imposicion-de-aranceles-de-eu","status":"publish","type":"post","link":"https:\/\/politicosaldesnudo.com.mx\/index.php\/2025\/02\/01\/condenan-sindicatos-de-mexico-imposicion-de-aranceles-de-eu\/","title":{"rendered":"Condenan sindicatos de M\u00e9xico imposici\u00f3n de aranceles de EU"},"content":{"rendered":"<p class=\"western\">A nombre de diversas organizaciones sindicales de M\u00e9xico y de centrales obreras internacionales que representa, Napole\u00f3n G\u00f3mez Urrutia expres\u00f3 su total rechazo \u201ca cualquier intento de imposici\u00f3n de aranceles que atenten contra los derechos de la clase trabajadora y el desarrollo econ\u00f3mico\u201d.<\/p>\n<p class=\"western\">Lo anterior, luego de que el presidente de Estados Unidos, Donald Trump, reiter\u00f3 su decisi\u00f3n de imponer aranceles, de 25 por ciento, a M\u00e9xico, los cuales entrar\u00edan en vigor este s\u00e1bado.<\/p>\n<p class=\"western\">El dirigente nacional del Sindicato Minero y presidente de la Confederaci\u00f3n Internacional de Trabajadores (CIT), entre otras agrupaciones, hizo un llamado firme a establecer un di\u00e1logo bilateral que permita encontrar soluciones justas, sin decisiones que perjudiquen a millones de trabajadores en ambas naciones.<\/p>\n<p class=\"western\">\u201cM\u00e9xico y Estados Unidos hemos logrado construir una relaci\u00f3n de cooperaci\u00f3n y respeto, fortaleciendo y consolidando una de las regiones econ\u00f3micas m\u00e1s importantes del mundo\u201d, asever\u00f3.<\/p>\n<p class=\"western\">En un pronunciamiento, el diputado federal G\u00f3mez Urrutia enfatiz\u00f3 que dicha colaboraci\u00f3n debe mantenerse sobre la base de justicia social y el bienestar de quienes a diario incentivan la econom\u00eda con su trabajo.<\/p>\n<p class=\"western\">Los sindicatos de M\u00e9xico y Estados Unidos, resalt\u00f3, compartimos un objetivo com\u00fan: \u201cun modelo de desarrollo que ponga en el centro a la clase trabajadora y garantice condiciones justas para todas y todos\u201d.<\/p>\n<p class=\"western\">En este sentido, convoc\u00f3 a continuar trabajando en unidad \u201cpor un futuro con bienestar, prosperidad y justicia social\u201d.<\/p>\n","protected":false},"excerpt":{"rendered":"<p>A nombre de diversas organizaciones sindicales de M\u00e9xico y de centrales obreras internacionales que representa, Napole\u00f3n G\u00f3mez Urrutia expres\u00f3 su<\/p>\n","protected":false},"author":4,"featured_media":55704,"comment_status":"closed","ping_status":"closed","sticky":false,"template":"","format":"standard","meta":{"colormag_page_container_layout":"default_layout","colormag_page_sidebar_layout":"default_layout","_jetpack_memberships_contains_paid_content":false,"footnotes":"","jetpack_publicize_message":"","jetpack_publicize_feature_enabled":true,"jetpack_social_post_already_shared":false,"jetpack_social_options":{"image_generator_settings":{"template":"highway","default_image_id":0,"font":"","enabled":false},"version":2}},"categories":[33],"tags":[],"class_list":["post-55703","post","type-post","status-publish","format-standard","has-post-thumbnail","hentry","category-nacional"],"jetpack_publicize_connections":[],"jetpack_featured_media_url":"https:\/\/i0.wp.com\/politicosaldesnudo.com.mx\/wp-content\/uploads\/2025\/01\/Aranceles-mexico-eua.jpg?fit=620%2C330&ssl=1","jetpack-related-posts":[],"jetpack_sharing_enabled":true,"_links":{"self":[{"href":"https:\/\/politicosaldesnudo.com.mx\/index.php\/wp-json\/wp\/v2\/posts\/55703","targetHints":{"allow":["GET"]}}],"collection":[{"href":"https:\/\/politicosaldesnudo.com.mx\/index.php\/wp-json\/wp\/v2\/posts"}],"about":[{"href":"https:\/\/politicosaldesnudo.com.mx\/index.php\/wp-json\/wp\/v2\/types\/post"}],"author":[{"embeddable":true,"href":"https:\/\/politicosaldesnudo.com.mx\/index.php\/wp-json\/wp\/v2\/users\/4"}],"replies":[{"embeddable":true,"href":"https:\/\/politicosaldesnudo.com.mx\/index.php\/wp-json\/wp\/v2\/comments?post=55703"}],"version-history":[{"count":0,"href":"https:\/\/politicosaldesnudo.com.mx\/index.php\/wp-json\/wp\/v2\/posts\/55703\/revisions"}],"wp:featuredmedia":[{"embeddable":true,"href":"https:\/\/politicosaldesnudo.com.mx\/index.php\/wp-json\/wp\/v2\/media\/55704"}],"wp:attachment":[{"href":"https:\/\/politicosaldesnudo.com.mx\/index.php\/wp-json\/wp\/v2\/media?parent=55703"}],"wp:term":[{"taxonomy":"category","embeddable":true,"href":"https:\/\/politicosaldesnudo.com.mx\/index.php\/wp-json\/wp\/v2\/categories?post=55703"},{"taxonomy":"post_tag","embeddable":true,"href":"https:\/\/politicosaldesnudo.com.mx\/index.php\/wp-json\/wp\/v2\/tags?post=55703"}],"curies":[{"name":"wp","href":"https:\/\/api.w.org\/{rel}","templated":true}]}}