{"id":55706,"date":"2025-02-01T00:07:38","date_gmt":"2025-02-01T06:07:38","guid":{"rendered":"https:\/\/politicosaldesnudo.com.mx\/?p=55706"},"modified":"2025-01-31T22:07:01","modified_gmt":"2025-02-01T04:07:01","slug":"respaldan-diputados-morenistas-a-sheinbaum-ante-aranceles-de-eu","status":"publish","type":"post","link":"https:\/\/politicosaldesnudo.com.mx\/index.php\/2025\/02\/01\/respaldan-diputados-morenistas-a-sheinbaum-ante-aranceles-de-eu\/","title":{"rendered":"Respaldan diputados morenistas a Sheinbaum ante aranceles de EU"},"content":{"rendered":"<p>La bancada de Morena en la C\u00e1mara de Diputados, por iniciativa de su coordinador, Ricardo Monreal, dio a conocer un pronunciamiento de apoyo a la presidenta Claudia Sheinbaum ante la imposici\u00f3n de 25 por ciento de aranceles a las exportaciones mexicanas, confirmadas hoy por el presidente estadunidense Donald Trump.<\/p>\n<p>En el cierre de la plenaria de los legisladores morenistas, Monreal \u00c1vila le propuso a sus compa\u00f1eros firmar una carta para respaldar a la mandataria federal, les ley\u00f3 el texto que redact\u00f3 y les solicit\u00f3 que comenzaran a signarlo ah\u00ed mismo, para posteriormente subirlo a sus cuentas de redes sociales.<\/p>\n<p>En la misiva, el grupo parlamentario de Morena afirm\u00f3 que \u201capoya de manera decidida, contundente y firme las decisiones que tome la presidenta de la Rep\u00fablica, la doctora Claudia Sheinbaum Pardo, ante el anuncio que realice el d\u00eda de ma\u00f1ana el presidente de los Estados Unidos, Donald Trump, en relaci\u00f3n con la pol\u00edtica arancelaria\u201d.<\/p>\n<p>M\u00e9xico, se a\u00f1ade en la carta, \u201cse encuentra econ\u00f3micamente fuerte para resistir y responder a esta acci\u00f3n unilateral del gobierno estadounidense, que da\u00f1a a todos los pa\u00edses de nuestra regi\u00f3n\u201d.<\/p>\n<p>Asimismo, se\u00f1ala que \u201cpol\u00edticamente, no es tiempo de regatear nuestra solidaridad y la unidad nacional. Hacemos un llamado a las distintas fuerzas parlamentarias, para que reflexionen sobre el momento crucial que est\u00e1 viviendo la naci\u00f3n, y valoremos en conjunto lo que significa la frase \u2018La patria es primero\u2019.<\/p>\n<p>Antepongamos el inter\u00e9s nacional sobre el inter\u00e9s partidario o de grupo\u201d. El documento concluye diciendo que \u201cVienen horas decisivas para la naci\u00f3n mexicana y todas y todos debemos estar a la altura de lo que M\u00e9xico necesita\u201d.<\/p>\n<p>Seg\u00fan Monreal, se le consultar\u00e1 a los grupos parlamentarios del PT y PVEM si desean sumarse a la carta.<\/p>\n","protected":false},"excerpt":{"rendered":"<p>La bancada de Morena en la C\u00e1mara de Diputados, por iniciativa de su coordinador, Ricardo Monreal, dio a conocer un<\/p>\n","protected":false},"author":4,"featured_media":55707,"comment_status":"closed","ping_status":"closed","sticky":false,"template":"","format":"standard","meta":{"colormag_page_container_layout":"default_layout","colormag_page_sidebar_layout":"default_layout","_jetpack_memberships_contains_paid_content":false,"footnotes":"","jetpack_publicize_message":"","jetpack_publicize_feature_enabled":true,"jetpack_social_post_already_shared":false,"jetpack_social_options":{"image_generator_settings":{"template":"highway","default_image_id":0,"font":"","enabled":false},"version":2}},"categories":[33],"tags":[],"class_list":["post-55706","post","type-post","status-publish","format-standard","has-post-thumbnail","hentry","category-nacional"],"jetpack_publicize_connections":[],"jetpack_featured_media_url":"https:\/\/i0.wp.com\/politicosaldesnudo.com.mx\/wp-content\/uploads\/2025\/01\/OIP-3.jpg?fit=474%2C266&ssl=1","jetpack-related-posts":[],"jetpack_sharing_enabled":true,"_links":{"self":[{"href":"https:\/\/politicosaldesnudo.com.mx\/index.php\/wp-json\/wp\/v2\/posts\/55706","targetHints":{"allow":["GET"]}}],"collection":[{"href":"https:\/\/politicosaldesnudo.com.mx\/index.php\/wp-json\/wp\/v2\/posts"}],"about":[{"href":"https:\/\/politicosaldesnudo.com.mx\/index.php\/wp-json\/wp\/v2\/types\/post"}],"author":[{"embeddable":true,"href":"https:\/\/politicosaldesnudo.com.mx\/index.php\/wp-json\/wp\/v2\/users\/4"}],"replies":[{"embeddable":true,"href":"https:\/\/politicosaldesnudo.com.mx\/index.php\/wp-json\/wp\/v2\/comments?post=55706"}],"version-history":[{"count":0,"href":"https:\/\/politicosaldesnudo.com.mx\/index.php\/wp-json\/wp\/v2\/posts\/55706\/revisions"}],"wp:featuredmedia":[{"embeddable":true,"href":"https:\/\/politicosaldesnudo.com.mx\/index.php\/wp-json\/wp\/v2\/media\/55707"}],"wp:attachment":[{"href":"https:\/\/politicosaldesnudo.com.mx\/index.php\/wp-json\/wp\/v2\/media?parent=55706"}],"wp:term":[{"taxonomy":"category","embeddable":true,"href":"https:\/\/politicosaldesnudo.com.mx\/index.php\/wp-json\/wp\/v2\/categories?post=55706"},{"taxonomy":"post_tag","embeddable":true,"href":"https:\/\/politicosaldesnudo.com.mx\/index.php\/wp-json\/wp\/v2\/tags?post=55706"}],"curies":[{"name":"wp","href":"https:\/\/api.w.org\/{rel}","templated":true}]}}