{"id":55709,"date":"2025-02-01T00:08:05","date_gmt":"2025-02-01T06:08:05","guid":{"rendered":"https:\/\/politicosaldesnudo.com.mx\/?p=55709"},"modified":"2025-01-31T22:09:30","modified_gmt":"2025-02-01T04:09:30","slug":"con-mexico-te-abraza-se-enfrentaran-la-xenofobia-el-racismo-y-la-exclusion-sg","status":"publish","type":"post","link":"https:\/\/politicosaldesnudo.com.mx\/index.php\/2025\/02\/01\/con-mexico-te-abraza-se-enfrentaran-la-xenofobia-el-racismo-y-la-exclusion-sg\/","title":{"rendered":"Con \u00abM\u00e9xico te abraza\u00bb se enfrentar\u00e1n la xenofobia, el racismo y la exclusi\u00f3n: SG"},"content":{"rendered":"<p>Mediante el programa \u201cM\u00e9xico te abraza\u201d, el gobierno de la presidenta Claudia Sheinbaum ha atendido las necesidades de los connacionales deportados desde Estados Unidos, y con \u00e9l se enfrentar\u00e1n \u201cla xenofobia, el racismo y la exclusi\u00f3n\u201d, subray\u00f3 la titular de la Secretar\u00eda de Gobernaci\u00f3n (SG), Rosa Icela Rodr\u00edguez.<\/p>\n<p>Durante su participaci\u00f3n en la plenaria del grupo parlamentario de Morena en la C\u00e1mara de Diputados, la funcionaria detall\u00f3 las acciones que ha llevado la actual administraci\u00f3n para ayudar a los mexicanos repatriados, quienes \u201cviven una tragedia, un drama, que vienen con los sue\u00f1os frustrados, a veces con separaci\u00f3n de familias y un cambio dr\u00e1stico de vida\u201d.<\/p>\n<p>Rodr\u00edguez enfatiz\u00f3 que el gobierno los apoya \u201ccon calidez, humanismo y pleno respeto a sus derechos humanos\u201d, pues \u201ccont\u00f3 con tiempo para analizar los diversos escenarios y planific\u00f3 una respuesta adecuada\u201d, con la instrucci\u00f3n de Sheinbaum de \u201cno escatimar recursos para atender la repatriaci\u00f3n de los mexicanos con una recepci\u00f3n digna, ordenada y segura\u201d.<\/p>\n<p>Detall\u00f3 que el programa \u201cM\u00e9xico te abraza\u201d consta de tres componentes: asistencia y protecci\u00f3n consular, recepci\u00f3n y apoyo en los seis estados fronterizos del norte y reintegraci\u00f3n mediante apoyos sociales, incorporaci\u00f3n al empleo y programas de bienestar.<\/p>\n<p>La funcionaria record\u00f3 que la SG est\u00e1 a cargo del segundo punto de dicho esquema, con 10 centros de atenci\u00f3n con capacidad de albergar a 2 mil 500 personas, a las cuales se les brindan servicios b\u00e1sicos, se les entrega su carta de repatriaci\u00f3n y se les facilitan tr\u00e1mites de obtenci\u00f3n de su acta de nacimiento, credencial de elector, CURP y afiliaci\u00f3n al IMSS.<\/p>\n<p>Los mexicanos repatriados, subray\u00f3 en medio de aplausos de los diputados morenistas, \u201cnunca han estado solos. Estamos preparados desde el primer d\u00eda para recibirlos y darles el apoyo que merecen en su retorno a la patria. Hoy por hoy, podemos decir que, ante la pol\u00edtica migratoria de Estados Unidos, M\u00e9xico est\u00e1 preparado para cualquier escenario\u201d.<\/p>\n<p>En ese marco, reconoci\u00f3 a los empresarios mexicanos, \u201cquienes est\u00e1n colaborando de manera comprometida con el gobierno de la presidenta Claudia Sheinbaum\u201d para dar 50 mil empleos a los connacionales deportados.<\/p>\n<p>\u201cComo ven, se trata de un gran esfuerzo nacional, para hacer frente a las acciones que vienen del exterior y que es mucho m\u00e1s grande que algunas voces disidentes que quisieran ver fracasar esta estrategia a costa del propio sufrimiento de nuestros hermanos migrantes, h\u00e9roes an\u00f3nimos, trabajadores valientes y honestos\u201d, recalc\u00f3.<\/p>\n<p>\u201cHemos trabajado en la planificaci\u00f3n de esta estrategia de atenci\u00f3n durante varias semanas y hoy se aplica con \u00e9xito en beneficio de nuestros paisanos migrantes. Vamos a salir adelante, porque somos mucho pueblo y mucho gobierno ante la xenofobia, el racismo y la exclusi\u00f3n\u201d, dijo Rodr\u00edguez, quien reconoci\u00f3 el \u201cliderazgo\u201d de Sheinbaum.<\/p>\n","protected":false},"excerpt":{"rendered":"<p>Mediante el programa \u201cM\u00e9xico te abraza\u201d, el gobierno de la presidenta Claudia Sheinbaum ha atendido las necesidades de los connacionales<\/p>\n","protected":false},"author":4,"featured_media":55710,"comment_status":"closed","ping_status":"closed","sticky":false,"template":"","format":"standard","meta":{"colormag_page_container_layout":"default_layout","colormag_page_sidebar_layout":"default_layout","_jetpack_memberships_contains_paid_content":false,"footnotes":"","jetpack_publicize_message":"","jetpack_publicize_feature_enabled":true,"jetpack_social_post_already_shared":false,"jetpack_social_options":{"image_generator_settings":{"template":"highway","default_image_id":0,"font":"","enabled":false},"version":2}},"categories":[33],"tags":[],"class_list":["post-55709","post","type-post","status-publish","format-standard","has-post-thumbnail","hentry","category-nacional"],"jetpack_publicize_connections":[],"jetpack_featured_media_url":"https:\/\/i0.wp.com\/politicosaldesnudo.com.mx\/wp-content\/uploads\/2025\/01\/rosa-icela-mexico-es-mucho-pueblo-y-mucho-gobierno-ante-la-xenofobia-focus-0-0-1044-675.jpg?fit=1044%2C675&ssl=1","jetpack-related-posts":[],"jetpack_sharing_enabled":true,"_links":{"self":[{"href":"https:\/\/politicosaldesnudo.com.mx\/index.php\/wp-json\/wp\/v2\/posts\/55709","targetHints":{"allow":["GET"]}}],"collection":[{"href":"https:\/\/politicosaldesnudo.com.mx\/index.php\/wp-json\/wp\/v2\/posts"}],"about":[{"href":"https:\/\/politicosaldesnudo.com.mx\/index.php\/wp-json\/wp\/v2\/types\/post"}],"author":[{"embeddable":true,"href":"https:\/\/politicosaldesnudo.com.mx\/index.php\/wp-json\/wp\/v2\/users\/4"}],"replies":[{"embeddable":true,"href":"https:\/\/politicosaldesnudo.com.mx\/index.php\/wp-json\/wp\/v2\/comments?post=55709"}],"version-history":[{"count":0,"href":"https:\/\/politicosaldesnudo.com.mx\/index.php\/wp-json\/wp\/v2\/posts\/55709\/revisions"}],"wp:featuredmedia":[{"embeddable":true,"href":"https:\/\/politicosaldesnudo.com.mx\/index.php\/wp-json\/wp\/v2\/media\/55710"}],"wp:attachment":[{"href":"https:\/\/politicosaldesnudo.com.mx\/index.php\/wp-json\/wp\/v2\/media?parent=55709"}],"wp:term":[{"taxonomy":"category","embeddable":true,"href":"https:\/\/politicosaldesnudo.com.mx\/index.php\/wp-json\/wp\/v2\/categories?post=55709"},{"taxonomy":"post_tag","embeddable":true,"href":"https:\/\/politicosaldesnudo.com.mx\/index.php\/wp-json\/wp\/v2\/tags?post=55709"}],"curies":[{"name":"wp","href":"https:\/\/api.w.org\/{rel}","templated":true}]}}